{"id":247145,"date":"2023-01-19T13:47:09","date_gmt":"2023-01-19T19:47:09","guid":{"rendered":"https:\/\/plazajuarez.mx\/?p=247145"},"modified":"2023-01-19T13:47:17","modified_gmt":"2023-01-19T19:47:17","slug":"256_vehiculos","status":"publish","type":"post","link":"https:\/\/plazajuarez.mx\/historico\/256_vehiculos\/","title":{"rendered":"256 veh\u00edculos fueron robados en operativo de captura de Ovidio: AMIS"},"content":{"rendered":"\n<p> La Asociaci\u00f3n Mexicana de Instituciones de Seguros (AMIS) inform\u00f3 que hasta el momento las compa\u00f1\u00edas han reportado 256 veh\u00edculos robados como resultado del operativo para la captura de Ovidio Guzm\u00e1n, el pasado 5 de enero.<\/p>\n\n\n\n<p>De acuerdo con la directora del organismo, Norma Alicia Rosas, del total de unidades robadas, 40% fueron autom\u00f3viles, 36% equipo pesado y un 27% camionetas.<\/p>\n\n\n\n<p>Mientras que, hasta el momento, se reportan un total de 40 unidades que fueron quemadas por los grupos delictivos.<\/p>\n\n\n\n<p>Seg\u00fan la AMIS, hasta ahora no se han reportado las cifras del impacto econ\u00f3mico en este sector que provoc\u00f3 la violencia generada a partir del operativo realizado por las fuerzas armadas en Culiac\u00e1n, Sinaloa.<\/p>\n\n\n\n<p>Aseguradoras s\u00ed cubren robo de veh\u00edculos<\/p>\n\n\n\n<p>La directiva del organismo record\u00f3 que este tipo de siniestros s\u00ed est\u00e1n cubiertos por las aseguradoras, ya que se trata de robos y en caso de unidades robadas, el impacto se asume como p\u00e9rdida total.<\/p>\n\n\n\n<p>&#8220;Las aseguradoras cubren los da\u00f1os, algunos fueron simplemente para transportarse, otros para bloquear el paso en la zona y algunos quemados, todos ellos est\u00e1n cubiertos por los da\u00f1os y las aseguradoras activaron al momento los protocolos para que los usuarios pudieran dar aviso del robo&#8221;, dijo.<\/p>\n\n\n\n<p>En t\u00e9rminos generales, los datos de la AMIS ubican a Sinaloa como una de las entidades del pa\u00eds donde se registra el mayor robo de veh\u00edculos con violencia, con una frecuencia de 75.3%, seguida de Zacatecas y Guerrero.<\/p>\n\n\n\n<p>&#8220;Las cifras que comenzamos a recibir, el d\u00eda del operativo, era complicado, pero se comenzaron a recibir en cuanto las personas sufrieron el despojo&#8221;, detall\u00f3 Norma Alicia Rosas.<\/p>\n","protected":false},"excerpt":{"rendered":"<p>La Asociaci\u00f3n Mexicana de Instituciones de Seguros (AMIS) inform\u00f3 que hasta el momento las compa\u00f1\u00edas han reportado 256 veh\u00edculos robados como resultado del operativo para la captura de Ovidio Guzm\u00e1n, el pasado 5 de enero. De acuerdo con la directora del organismo, Norma Alicia Rosas, del total de unidades robadas, 40% fueron autom\u00f3viles, 36% equipo [&hellip;]<\/p>\n","protected":false},"author":81,"featured_media":247146,"comment_status":"closed","ping_status":"closed","sticky":false,"template":"","format":"standard","meta":{"footnotes":""},"categories":[36],"tags":[],"class_list":["post-247145","post","type-post","status-publish","format-standard","has-post-thumbnail","hentry","category-nacion"],"_links":{"self":[{"href":"https:\/\/plazajuarez.mx\/historico\/wp-json\/wp\/v2\/posts\/247145","targetHints":{"allow":["GET"]}}],"collection":[{"href":"https:\/\/plazajuarez.mx\/historico\/wp-json\/wp\/v2\/posts"}],"about":[{"href":"https:\/\/plazajuarez.mx\/historico\/wp-json\/wp\/v2\/types\/post"}],"author":[{"embeddable":true,"href":"https:\/\/plazajuarez.mx\/historico\/wp-json\/wp\/v2\/users\/81"}],"replies":[{"embeddable":true,"href":"https:\/\/plazajuarez.mx\/historico\/wp-json\/wp\/v2\/comments?post=247145"}],"version-history":[{"count":0,"href":"https:\/\/plazajuarez.mx\/historico\/wp-json\/wp\/v2\/posts\/247145\/revisions"}],"wp:featuredmedia":[{"embeddable":true,"href":"https:\/\/plazajuarez.mx\/historico\/wp-json\/wp\/v2\/media\/247146"}],"wp:attachment":[{"href":"https:\/\/plazajuarez.mx\/historico\/wp-json\/wp\/v2\/media?parent=247145"}],"wp:term":[{"taxonomy":"category","embeddable":true,"href":"https:\/\/plazajuarez.mx\/historico\/wp-json\/wp\/v2\/categories?post=247145"},{"taxonomy":"post_tag","embeddable":true,"href":"https:\/\/plazajuarez.mx\/historico\/wp-json\/wp\/v2\/tags?post=247145"}],"curies":[{"name":"wp","href":"https:\/\/api.w.org\/{rel}","templated":true}]}}