{"id":246800,"date":"2023-01-17T12:04:45","date_gmt":"2023-01-17T18:04:45","guid":{"rendered":"https:\/\/plazajuarez.mx\/?p=246800"},"modified":"2023-01-17T12:04:51","modified_gmt":"2023-01-17T18:04:51","slug":"asegura-amlo-que-mexico-no-tiene-problemas-frente-a-una-recesion","status":"publish","type":"post","link":"https:\/\/plazajuarez.mx\/historico\/asegura-amlo-que-mexico-no-tiene-problemas-frente-a-una-recesion\/","title":{"rendered":"Asegura AMLO que M\u00e9xico no tiene problemas frente a una recesi\u00f3n"},"content":{"rendered":"\n<p>El presidente mexicano Andr\u00e9s Manuel L\u00f3pez Obrador asegur\u00f3 este martes que la econom\u00eda de M\u00e9xico no tiene ning\u00fan problema frente a una recesi\u00f3n global, pues ser\u00e1 \u201cun gran a\u00f1o\u201d debido a aumentos en la recaudaci\u00f3n fiscal.<\/p>\n\n\n\n<p>\u201cLos expertos a veces fallan. La verdad es que la econom\u00eda mexicana est\u00e1 bien (\u2026) no tenemos problema y va a ser muy buen a\u00f1o, en lo econ\u00f3mico, en lo social\u201d, defendi\u00f3 en su conferencia de prensa desde el Palacio Nacional.<\/p>\n\n\n\n<p>L\u00f3pez Obrador coment\u00f3 as\u00ed la estimaci\u00f3n de la directora gerente del Fondo Monetario Internacional (FMI), Kristalina Georgieva, quien advirti\u00f3 de que \u201cun tercio de la econom\u00eda mundial\u201d estar\u00e1 en recesi\u00f3n este 2023, incluida \u201cla mitad de la Uni\u00f3n Europea\u201d.<\/p>\n\n\n\n<p>En contraste, el mandatario mexicano sostuvo que la recaudaci\u00f3n fiscal es una variable \u201cfundamental\u201d que permite al Gobierno hacerse de recursos para impulsar el desarrollo econ\u00f3mico y social del pa\u00eds si no hay corrupci\u00f3n.<\/p>\n\n\n\n<p>\u201cEst\u00e1n cumpliendo los contribuyentes, muchas gracias. Y que nos sigan ayudando, con la convicci\u00f3n de que ahora este dinero (\u2026) no se va a los para\u00edsos fiscales, no se lo roban\u201d, coment\u00f3.<\/p>\n\n\n\n<p>En este sentido el presidente L\u00f3pez Obrador inform\u00f3 de que la recaudaci\u00f3n en los primeros 13 d\u00edas del a\u00f1o aument\u00f3 con respecto al mismo periodo de 2022, al pasar de 47.951 millones de pesos (unos 2.524 millones de d\u00f3lares) a 61.515 millones de pesos (3.238 millones de d\u00f3lares).<\/p>\n\n\n\n<p>De acuerdo con cifras del Servicio de Administraci\u00f3n Tributaria (SAT) esto represent\u00f3 un aument\u00f3 nominal del 19 %.<\/p>\n\n\n\n<p>\u201cEntonces empezamos bien el a\u00f1o en recaudaci\u00f3n, en ingresos, por ejemplo, los tributarios est\u00e1n muy bien, tenemos IVA menos porque son devoluciones que se hacen a principios de a\u00f1o; sin embargo, impuesto sobre la renta, miren, de 14.000 a 29.000 millones de pesps\u201d, presumi\u00f3.<\/p>\n","protected":false},"excerpt":{"rendered":"<p>El presidente mexicano Andr\u00e9s Manuel L\u00f3pez Obrador asegur\u00f3 este martes que la econom\u00eda de M\u00e9xico no tiene ning\u00fan problema frente a una recesi\u00f3n global, pues ser\u00e1 \u201cun gran a\u00f1o\u201d debido a aumentos en la recaudaci\u00f3n fiscal. \u201cLos expertos a veces fallan. La verdad es que la econom\u00eda mexicana est\u00e1 bien (\u2026) no tenemos problema y [&hellip;]<\/p>\n","protected":false},"author":80,"featured_media":246801,"comment_status":"closed","ping_status":"closed","sticky":false,"template":"","format":"standard","meta":{"footnotes":""},"categories":[15,36],"tags":[],"class_list":["post-246800","post","type-post","status-publish","format-standard","has-post-thumbnail","hentry","category-destacadas","category-nacion"],"_links":{"self":[{"href":"https:\/\/plazajuarez.mx\/historico\/wp-json\/wp\/v2\/posts\/246800","targetHints":{"allow":["GET"]}}],"collection":[{"href":"https:\/\/plazajuarez.mx\/historico\/wp-json\/wp\/v2\/posts"}],"about":[{"href":"https:\/\/plazajuarez.mx\/historico\/wp-json\/wp\/v2\/types\/post"}],"author":[{"embeddable":true,"href":"https:\/\/plazajuarez.mx\/historico\/wp-json\/wp\/v2\/users\/80"}],"replies":[{"embeddable":true,"href":"https:\/\/plazajuarez.mx\/historico\/wp-json\/wp\/v2\/comments?post=246800"}],"version-history":[{"count":0,"href":"https:\/\/plazajuarez.mx\/historico\/wp-json\/wp\/v2\/posts\/246800\/revisions"}],"wp:featuredmedia":[{"embeddable":true,"href":"https:\/\/plazajuarez.mx\/historico\/wp-json\/wp\/v2\/media\/246801"}],"wp:attachment":[{"href":"https:\/\/plazajuarez.mx\/historico\/wp-json\/wp\/v2\/media?parent=246800"}],"wp:term":[{"taxonomy":"category","embeddable":true,"href":"https:\/\/plazajuarez.mx\/historico\/wp-json\/wp\/v2\/categories?post=246800"},{"taxonomy":"post_tag","embeddable":true,"href":"https:\/\/plazajuarez.mx\/historico\/wp-json\/wp\/v2\/tags?post=246800"}],"curies":[{"name":"wp","href":"https:\/\/api.w.org\/{rel}","templated":true}]}}