{"id":246797,"date":"2023-01-17T10:44:14","date_gmt":"2023-01-17T16:44:14","guid":{"rendered":"https:\/\/plazajuarez.mx\/?p=246797"},"modified":"2023-01-17T10:44:20","modified_gmt":"2023-01-17T16:44:20","slug":"tierras-insatisfechas","status":"publish","type":"post","link":"https:\/\/plazajuarez.mx\/historico\/tierras-insatisfechas\/","title":{"rendered":"Tierras insatisfechas"},"content":{"rendered":"\n<h2 class=\"wp-block-heading\">El Faro\u00a0<\/h2>\n\n\n\n<ul class=\"wp-block-list\"><li>Es probable que individualmente nos hayamos encerrado en nuestras propias compras y en nuestros propios modos de vida<\/li><\/ul>\n\n\n\n<p>Am\u00e9rica Latina es la regi\u00f3n m\u00e1s desigual del mundo. En nuestros pa\u00edses pueden encontrarse pobreza extrema y riqueza extrema conviviendo de manera cotidiana. No es el continente en donde se viven las expresiones m\u00e1s lacerantes de miseria, pero s\u00ed el territorio en que se dan los polos m\u00e1s arriba mencionados, con una distancia mayor entre ellos.<\/p>\n\n\n\n<p>Durante muchos siglos, especialmente desde el siglo XX, nuestro continente se ha preguntado los motivos que dan raz\u00f3n de esta brecha vital. Eduardo Galeano, entre otros muchos autores, intentaba desarrollar en su ya hist\u00f3rico <em>Las venas abiertas de Am\u00e9rica Latina <\/em>(1971), una explicaci\u00f3n de las bases econ\u00f3micas que originaban esta desigualdad desde una visi\u00f3n profundamente marxista.<\/p>\n\n\n\n<p>En el siglo pasado hubo dictaduras en diferentes pa\u00edses del continente de derechas y de izquierdas. En el siglo pasado, hasta ahora, se han ido alternando poderes pol\u00edticos de ambas tendencias. Y, aunque en t\u00e9rminos generales, as\u00ed lo reconoce la Comisi\u00f3n Econ\u00f3mica para Am\u00e9rica Latina y el Caribe (CEPAL), se han mejorado las condiciones de vida, el hecho es que seguimos siendo los m\u00e1s desiguales.<\/p>\n\n\n\n<p>Actualmente se puede presumir del giro que los gobiernos han dado hacia la izquierda. En los pa\u00edses m\u00e1s potentes del continente sus mandatarios son de esta orientaci\u00f3n ideol\u00f3gica. Si desde la d\u00e9cada de los a\u00f1os 60 hasta ahora, los gobiernos han ido imponiendo una ideolog\u00eda u otra, la conclusi\u00f3n a la que podemos llegar es que la explicaci\u00f3n de la desigualdad no est\u00e1 en las alternativas ideol\u00f3gicas de los gobiernos. Podr\u00edamos decir, que esos gobiernos son parte de la explicaci\u00f3n, pero como protagonistas, como responsables.&nbsp;<\/p>\n\n\n\n<p>El pueblo ya en su vida diaria no est\u00e1 tan pendiente de si se es de derechas o de izquierdas. El pueblo sabio quiere vivir en paz, sin m\u00e1s. La desilusi\u00f3n con las ideolog\u00edas es propia de la posmodernidad y se extiende a la agudeza de las condiciones de vida que apabullan a los latinoamericanos.&nbsp;<\/p>\n\n\n\n<p>Es por estos motivos que consideramos que las tierras latinoamericanas y sus habitantes no est\u00e1n satisfechos. La palabra <em>satisfecho<\/em> viene directamente del lat\u00edn, de la palabra \u201csatis\u201d que significa \u201csuficiente\u201d, \u201cbastante\u201d y de \u201cfacere\u201d que significa \u201chacer\u201d. Si las tierras latinoamericanas no est\u00e1n satisfechas es, entre otras cosas, porque los gobiernos, del color que sean, no han hecho lo suficiente.<\/p>\n\n\n\n<p>Tras las experiencias del siglo pasado y la realidad actual, presumir de la mayor\u00eda de los gobiernos de izquierdas en Am\u00e9rica Latina, se constituye en una declaraci\u00f3n t\u00e1cita de la incompetencia de los gobiernos anteriores que no fueron capaces de mejorar la brecha de vida. Y lo que se dice de los de izquierdas se puede transpolar a los de derechas. Las ideolog\u00edas ya no son las que mueven las acciones; las ideolog\u00edas lo que est\u00e1n haciendo en nuestros d\u00edas es fomentar y agudizar la separaci\u00f3n en que ya de hecho vivimos.<\/p>\n\n\n\n<p>Pero la desigualdad no tiene que ver solamente con los gobiernos. Es probable que hoy ya no nos preocupemos tanto por estas desigualdades. Es probable que no pocos de los latinoamericanos nos hayamos enconchado en nuestros propios intereses. Es probable que individualmente nos hayamos encerrado en nuestras propias compras y en nuestros propios modos de vida. Es probable que hayamos perdido la referencia de la totalidad del continente. Es probable que nos hayamos olvidado un poco de los dem\u00e1s. Y esto, entre otros factores, perpet\u00faa tanta desigualdad.<\/p>\n","protected":false},"excerpt":{"rendered":"<p>El Faro\u00a0 Es probable que individualmente nos hayamos encerrado en nuestras propias compras y en nuestros propios modos de vida Am\u00e9rica Latina es la regi\u00f3n m\u00e1s desigual del mundo. En nuestros pa\u00edses pueden encontrarse pobreza extrema y riqueza extrema conviviendo de manera cotidiana. No es el continente en donde se viven las expresiones m\u00e1s lacerantes [&hellip;]<\/p>\n","protected":false},"author":98,"featured_media":235542,"comment_status":"closed","ping_status":"closed","sticky":false,"template":"","format":"standard","meta":{"footnotes":""},"categories":[1006,42],"tags":[],"class_list":["post-246797","post","type-post","status-publish","format-standard","has-post-thumbnail","hentry","category-dr-jesus-ignacio-panedas-galindo","category-nuestrapalabra"],"_links":{"self":[{"href":"https:\/\/plazajuarez.mx\/historico\/wp-json\/wp\/v2\/posts\/246797","targetHints":{"allow":["GET"]}}],"collection":[{"href":"https:\/\/plazajuarez.mx\/historico\/wp-json\/wp\/v2\/posts"}],"about":[{"href":"https:\/\/plazajuarez.mx\/historico\/wp-json\/wp\/v2\/types\/post"}],"author":[{"embeddable":true,"href":"https:\/\/plazajuarez.mx\/historico\/wp-json\/wp\/v2\/users\/98"}],"replies":[{"embeddable":true,"href":"https:\/\/plazajuarez.mx\/historico\/wp-json\/wp\/v2\/comments?post=246797"}],"version-history":[{"count":0,"href":"https:\/\/plazajuarez.mx\/historico\/wp-json\/wp\/v2\/posts\/246797\/revisions"}],"wp:featuredmedia":[{"embeddable":true,"href":"https:\/\/plazajuarez.mx\/historico\/wp-json\/wp\/v2\/media\/235542"}],"wp:attachment":[{"href":"https:\/\/plazajuarez.mx\/historico\/wp-json\/wp\/v2\/media?parent=246797"}],"wp:term":[{"taxonomy":"category","embeddable":true,"href":"https:\/\/plazajuarez.mx\/historico\/wp-json\/wp\/v2\/categories?post=246797"},{"taxonomy":"post_tag","embeddable":true,"href":"https:\/\/plazajuarez.mx\/historico\/wp-json\/wp\/v2\/tags?post=246797"}],"curies":[{"name":"wp","href":"https:\/\/api.w.org\/{rel}","templated":true}]}}