{"id":246764,"date":"2023-01-17T10:35:26","date_gmt":"2023-01-17T16:35:26","guid":{"rendered":"https:\/\/plazajuarez.mx\/?p=246764"},"modified":"2023-01-17T10:35:31","modified_gmt":"2023-01-17T16:35:31","slug":"desaparecieron-una-joven-mujer-y-su-hija-de-un-ano-de-edad","status":"publish","type":"post","link":"https:\/\/plazajuarez.mx\/historico\/desaparecieron-una-joven-mujer-y-su-hija-de-un-ano-de-edad\/","title":{"rendered":"Desaparecieron una\u00a0joven mujer y su hija\u00a0de un a\u00f1o de edad"},"content":{"rendered":"\n<p>Familiares de una joven mujer, acudieron a la Procuradur\u00eda General de Justicia del estado de Hidalgo, para denunciar su desaparici\u00f3n, al igual que la de su hija de tan s\u00f3lo un a\u00f1o y pidieron la colaboraci\u00f3n de las autoridades y de la ciudadan\u00eda en general, para tratar de localizarlas, pues temen que puedan ser v\u00edctimas de un delito.<\/p>\n\n\n\n<p>De las afectadas se dio a conocer que son originarias y vecinas de esta capital hidalguense y que la \u00faltima vez que las vieron fue el pasado cinco del mes y a\u00f1o en curso.<\/p>\n\n\n\n<p>As\u00ed mismo, se destac\u00f3 que los familiares de ambas, ya preguntaron con vecinos, amigos y parientes, pero desafortunadamente nadie sabe d\u00f3nde y c\u00f3mo puedan encontrarse.<\/p>\n\n\n\n<p>Por ello, la dependencia encargada de procurar justicia, realiz\u00f3 la activaci\u00f3n de las Fichas de B\u00fasqueda signadas con las matr\u00edculas FDBHGO\/017 y 018 \/2023, en favor de quien responde al nombre de Jocelin Gonz\u00e1lez Camacho de 19 a\u00f1os de edad y su menor hija identificada con las iniciales K. F. G., de 1 a\u00f1o.<\/p>\n\n\n\n<p>Se sabe que los familiares de ambas personas, solicitan la pronta intervenci\u00f3n de la Comisi\u00f3n de B\u00fasqueda de Personas del estado de Hidalgo, para que se sumen a las labores de rastreo y puedan ser localizadas.<\/p>\n","protected":false},"excerpt":{"rendered":"<p>Familiares de una joven mujer, acudieron a la Procuradur\u00eda General de Justicia del estado de Hidalgo, para denunciar su desaparici\u00f3n, al igual que la de su hija de tan s\u00f3lo un a\u00f1o y pidieron la colaboraci\u00f3n de las autoridades y de la ciudadan\u00eda en general, para tratar de localizarlas, pues temen que puedan ser v\u00edctimas [&hellip;]<\/p>\n","protected":false},"author":93,"featured_media":246773,"comment_status":"closed","ping_status":"closed","sticky":false,"template":"","format":"standard","meta":{"footnotes":""},"categories":[37],"tags":[],"class_list":["post-246764","post","type-post","status-publish","format-standard","has-post-thumbnail","hentry","category-barandilla"],"_links":{"self":[{"href":"https:\/\/plazajuarez.mx\/historico\/wp-json\/wp\/v2\/posts\/246764","targetHints":{"allow":["GET"]}}],"collection":[{"href":"https:\/\/plazajuarez.mx\/historico\/wp-json\/wp\/v2\/posts"}],"about":[{"href":"https:\/\/plazajuarez.mx\/historico\/wp-json\/wp\/v2\/types\/post"}],"author":[{"embeddable":true,"href":"https:\/\/plazajuarez.mx\/historico\/wp-json\/wp\/v2\/users\/93"}],"replies":[{"embeddable":true,"href":"https:\/\/plazajuarez.mx\/historico\/wp-json\/wp\/v2\/comments?post=246764"}],"version-history":[{"count":0,"href":"https:\/\/plazajuarez.mx\/historico\/wp-json\/wp\/v2\/posts\/246764\/revisions"}],"wp:featuredmedia":[{"embeddable":true,"href":"https:\/\/plazajuarez.mx\/historico\/wp-json\/wp\/v2\/media\/246773"}],"wp:attachment":[{"href":"https:\/\/plazajuarez.mx\/historico\/wp-json\/wp\/v2\/media?parent=246764"}],"wp:term":[{"taxonomy":"category","embeddable":true,"href":"https:\/\/plazajuarez.mx\/historico\/wp-json\/wp\/v2\/categories?post=246764"},{"taxonomy":"post_tag","embeddable":true,"href":"https:\/\/plazajuarez.mx\/historico\/wp-json\/wp\/v2\/tags?post=246764"}],"curies":[{"name":"wp","href":"https:\/\/api.w.org\/{rel}","templated":true}]}}