{"id":24675,"date":"2016-07-13T11:35:24","date_gmt":"2016-07-13T11:35:24","guid":{"rendered":"http:\/\/plazajuarez.mx\/index\/index.php\/2016\/07\/13\/tame-dispuesto-a-repuntar-en-la-copa-telcel\/"},"modified":"2016-07-13T11:35:24","modified_gmt":"2016-07-13T11:35:24","slug":"tame-dispuesto-a-repuntar-en-la-copa-telcel","status":"publish","type":"post","link":"https:\/\/plazajuarez.mx\/historico\/tame-dispuesto-a-repuntar-en-la-copa-telcel\/","title":{"rendered":"TAME, DISPUESTO A REPUNTAR EN LA COPA TELCEL"},"content":{"rendered":"<p style=\"text-align: justify;\">#AUTOMOVILISMO<br \/>\u25cf\u00a0\u00a0\u00a0 Los resultados en las \u00faltimas carreras no han sido ben\u00e9volos para Freddy Tame<\/p>\n<p>DATO<br \/>Freddy Tame Jr ocupa el n\u00famero seis a tan solo 29 unidades de poder regresar al top tres<br \/>\u00a0<\/p>\n<p>  <!--more-->  <\/p>\n<p style=\"text-align: justify;\">Alist\u00e1ndose para la sexta fecha de LA Huawei de la Hewlett Packard Enterprise\u00a0 de la S\u00faper Copa Telcel, FedEx ia realizarse este pr\u00f3ximo fin de semana en el Aut\u00f3dromo Mois\u00e9s Solana de Epazoyucan, el piloto n\u00famero 18 de Canel\u2019s\/HDI Seguros Freddy Tame efectu\u00f3 en d\u00edas pasados un fuerte entrenamiento en el trazado del aut\u00f3dromo Mois\u00e9s Solana quedando con eso listo para este compromiso que da inicio a la parte n\u00famero dos del campeonato.<br \/>\u00a0Asimismo, los resultados en las \u00faltimas carreras no han sido ben\u00e9volos para Freddy Tame, por lo cual su Team Manager en Canel\u2019s\/HDI Seguros Ramiro Fidalgo decidi\u00f3 ir el fin de semana pasado a probar el auto n\u00famero 18 a la pista sede del pr\u00f3ximo evento, este entrenamiento dio por concluida la preparaci\u00f3n de Tame con miras a la fecha n\u00famero seis del S\u00faper Copa Telcel, evento del cual se pretende salir con un buen resultado que permita ir remontando en la tabla general del campeonato.<br \/>\u00a0<br \/>Por lo pronto, la ciudades de Le\u00f3n y Aguascalientes fueron para Freddy Tame aduanas muy complicadas que no permitieron la suma suficiente de punto para poder seguir en la pelea por los primeros lugares, esto hizo que el piloto Canel\u2019s\/HDI Seguros sintiera la necesidad de tomar cartas en el asunto por lo que se fue un fin de semana a Pachuca para probar su auto, pr\u00e1cticas que permitir\u00edan tanto a Tame como a Ramiro Fidalgo sacar buenas conclusiones que ser\u00e1n de suma importancia para el evento que dar\u00e1 inicio este pr\u00f3ximo 15 de Julio \u201cLa verdad hemos tenido un poco de mala suerte en las dos \u00faltimas carreras, la primera de ellas en le\u00f3n sufrimos la volcadura que impidi\u00f3 conseguir un buen lugar dentro de carrera, luego se vino la carrera en Aguascalientes donde los contactos no favorecieron para el resultado teniendo que ser al final conservadores y dejar el auto 18 de Canel\u2019s\/HDI Seguros en el lugar 18 con un acumulado nada bueno, ahora esperamos tener un mejor momento este fin de semana en Pachuca\u201d.<\/p>\n<p>En los casilleros generales Freddy Tame Jr ocupa el n\u00famero seis a tan solo 29 unidades de poder regresar al top tres, por lo que\u00a0 el Mois\u00e9s Solana es una pista importante para el capitalino en sus aspiraciones.<\/p>\n<p><\/p>\n","protected":false},"excerpt":{"rendered":"<p>#AUTOMOVILISMO\u25cf\u00a0\u00a0\u00a0 Los resultados en las \u00faltimas carreras no han sido ben\u00e9volos para Freddy Tame DATOFreddy Tame Jr ocupa el n\u00famero seis a tan solo 29 unidades de poder regresar al top tres\u00a0<\/p>\n","protected":false},"author":93,"featured_media":0,"comment_status":"open","ping_status":"open","sticky":false,"template":"","format":"standard","meta":{"footnotes":""},"categories":[39],"tags":[],"class_list":["post-24675","post","type-post","status-publish","format-standard","hentry","category-deportiva"],"_links":{"self":[{"href":"https:\/\/plazajuarez.mx\/historico\/wp-json\/wp\/v2\/posts\/24675","targetHints":{"allow":["GET"]}}],"collection":[{"href":"https:\/\/plazajuarez.mx\/historico\/wp-json\/wp\/v2\/posts"}],"about":[{"href":"https:\/\/plazajuarez.mx\/historico\/wp-json\/wp\/v2\/types\/post"}],"author":[{"embeddable":true,"href":"https:\/\/plazajuarez.mx\/historico\/wp-json\/wp\/v2\/users\/93"}],"replies":[{"embeddable":true,"href":"https:\/\/plazajuarez.mx\/historico\/wp-json\/wp\/v2\/comments?post=24675"}],"version-history":[{"count":0,"href":"https:\/\/plazajuarez.mx\/historico\/wp-json\/wp\/v2\/posts\/24675\/revisions"}],"wp:attachment":[{"href":"https:\/\/plazajuarez.mx\/historico\/wp-json\/wp\/v2\/media?parent=24675"}],"wp:term":[{"taxonomy":"category","embeddable":true,"href":"https:\/\/plazajuarez.mx\/historico\/wp-json\/wp\/v2\/categories?post=24675"},{"taxonomy":"post_tag","embeddable":true,"href":"https:\/\/plazajuarez.mx\/historico\/wp-json\/wp\/v2\/tags?post=24675"}],"curies":[{"name":"wp","href":"https:\/\/api.w.org\/{rel}","templated":true}]}}