{"id":246724,"date":"2023-01-17T08:44:32","date_gmt":"2023-01-17T14:44:32","guid":{"rendered":"https:\/\/plazajuarez.mx\/?p=246724"},"modified":"2023-01-17T08:44:37","modified_gmt":"2023-01-17T14:44:37","slug":"aprobaron-un-presupuesto-de-egresos-y-terminaron-firmando-uno-distinto","status":"publish","type":"post","link":"https:\/\/plazajuarez.mx\/historico\/aprobaron-un-presupuesto-de-egresos-y-terminaron-firmando-uno-distinto\/","title":{"rendered":"Aprobaron un presupuesto de egresos y terminaron firmando uno distinto"},"content":{"rendered":"\n<p><strong>SAN SALVADOR.-<\/strong> El presidente municipal de San Salvador, modific\u00f3 de \u00faltima hora el presupuesto de egresos correspondiente al ejercicio de este a\u00f1o, donde se incluyeron incrementos salariales de manera diferenciada para los trabajadores del ayuntamiento.\u00a0<\/p>\n\n\n\n<p>Aunque en diciembre pasado, se aprob\u00f3 el tres por ciento de aumento salarial para toda la plantilla laboral de la alcald\u00eda, este lunes en una sesi\u00f3n de cabildo, en el documento entregado por la tesorer\u00eda, se incluyeron otras cantidades que generaron inconformidad de los regidores, entre ellos a los de Morena.&nbsp;<\/p>\n\n\n\n<p>Algunos de los trabajadores, tendr\u00e1n un incremento del tres por ciento, mientras que los empleados sindicalizados, va a ser del seis y un sector m\u00e1s reducido ser\u00e1 del ocho. Seg\u00fan el alcalde, algunos trabajadores del \u00e1rea del conciliador municipal residentes de obras, entre otros, cuyos horarios y obligaciones son m\u00e1s intensos, tendr\u00e1n un incremento del ocho por ciento a sus salarios.&nbsp;<\/p>\n\n\n\n<p>Dijo, que incluso en el transcurso del a\u00f1o, se estar\u00edan haciendo ajustes a dichos salarios, porque existen trabajadores que tienen una carga laboral m\u00e1s intensa que otros. Incluso, cuestion\u00f3 a los regidores, cuyas dietas son elevadas en comparaci\u00f3n con el trabajo que desempe\u00f1an y no es justificable.&nbsp;<\/p>\n\n\n\n<p>Aunque hubo oposici\u00f3n inicial por parte de los regidores, finalmente, aceptaron aprobar y firmar el presupuesto. Acusaron incluso, que el documento aprobado en diciembre, era diferente al que firmaron ayer y que ser\u00e1 subido al sistema para su ejecuci\u00f3n.&nbsp;<\/p>\n","protected":false},"excerpt":{"rendered":"<p>SAN SALVADOR.- El presidente municipal de San Salvador, modific\u00f3 de \u00faltima hora el presupuesto de egresos correspondiente al ejercicio de este a\u00f1o, donde se incluyeron incrementos salariales de manera diferenciada para los trabajadores del ayuntamiento.\u00a0 Aunque en diciembre pasado, se aprob\u00f3 el tres por ciento de aumento salarial para toda la plantilla laboral de la [&hellip;]<\/p>\n","protected":false},"author":75,"featured_media":246725,"comment_status":"closed","ping_status":"closed","sticky":false,"template":"","format":"standard","meta":{"footnotes":""},"categories":[2159,40],"tags":[],"class_list":["post-246724","post","type-post","status-publish","format-standard","has-post-thumbnail","hentry","category-noticias-de-hidalgo","category-region"],"_links":{"self":[{"href":"https:\/\/plazajuarez.mx\/historico\/wp-json\/wp\/v2\/posts\/246724","targetHints":{"allow":["GET"]}}],"collection":[{"href":"https:\/\/plazajuarez.mx\/historico\/wp-json\/wp\/v2\/posts"}],"about":[{"href":"https:\/\/plazajuarez.mx\/historico\/wp-json\/wp\/v2\/types\/post"}],"author":[{"embeddable":true,"href":"https:\/\/plazajuarez.mx\/historico\/wp-json\/wp\/v2\/users\/75"}],"replies":[{"embeddable":true,"href":"https:\/\/plazajuarez.mx\/historico\/wp-json\/wp\/v2\/comments?post=246724"}],"version-history":[{"count":0,"href":"https:\/\/plazajuarez.mx\/historico\/wp-json\/wp\/v2\/posts\/246724\/revisions"}],"wp:featuredmedia":[{"embeddable":true,"href":"https:\/\/plazajuarez.mx\/historico\/wp-json\/wp\/v2\/media\/246725"}],"wp:attachment":[{"href":"https:\/\/plazajuarez.mx\/historico\/wp-json\/wp\/v2\/media?parent=246724"}],"wp:term":[{"taxonomy":"category","embeddable":true,"href":"https:\/\/plazajuarez.mx\/historico\/wp-json\/wp\/v2\/categories?post=246724"},{"taxonomy":"post_tag","embeddable":true,"href":"https:\/\/plazajuarez.mx\/historico\/wp-json\/wp\/v2\/tags?post=246724"}],"curies":[{"name":"wp","href":"https:\/\/api.w.org\/{rel}","templated":true}]}}