{"id":246553,"date":"2023-01-16T08:39:25","date_gmt":"2023-01-16T14:39:25","guid":{"rendered":"https:\/\/plazajuarez.mx\/?p=246553"},"modified":"2023-01-16T08:39:33","modified_gmt":"2023-01-16T14:39:33","slug":"alcaldesa-se-niega-a-acatar-fallo-para-representante-indigena","status":"publish","type":"post","link":"https:\/\/plazajuarez.mx\/historico\/alcaldesa-se-niega-a-acatar-fallo-para-representante-indigena\/","title":{"rendered":"Alcaldesa, se niega a acatar fallo para representante ind\u00edgena"},"content":{"rendered":"\n<p class=\"wp-block-paragraph\"><strong>NICOL\u00c1S FLORES.-<\/strong> Nuevamente la presidenta municipal de Nicol\u00e1s Flores, Marcela Isidro Garc\u00eda, se ha negado a cumplir con el fallo del Tribunal Electoral del Estado de Hidalgo (TEEH), para reconocer al representante ind\u00edgena de la comunidad de Texcadho, Francisco Javier Ram\u00edrez Mart\u00ednez.\u00a0<\/p>\n\n\n\n<p class=\"wp-block-paragraph\">En entrevista, explic\u00f3, que la alcaldesa, se ha negado a aceptar el fallo, por ese motivo se ha procedido a un nuevo recurso ante el Tribunal Electoral del Poder Judicial de la Federaci\u00f3n (TEPJF) en la sala de Toluca, donde se espera una resoluci\u00f3n la pr\u00f3xima semana.&nbsp;<\/p>\n\n\n\n<p class=\"wp-block-paragraph\">Hasta ahora, el ayuntamiento \u00fanicamente ha recibido amonestaciones p\u00fablicas, ninguna sanci\u00f3n de por medio, por ello, se espera que en la pr\u00f3xima resoluci\u00f3n que emita el TEPJF, se consideren las multas correspondientes para la presidenta municipal y los regidores.&nbsp;<\/p>\n\n\n\n<p class=\"wp-block-paragraph\">Expuso, que desde el 2021 hubo una resoluci\u00f3n que obliga al ayuntamiento a reconocer al representante ind\u00edgena, al cual se le deben generar las condiciones para ejercer sus funciones legales y tambi\u00e9n tomarse en cuenta para todas las decisiones correspondientes a esta localidad.&nbsp;<\/p>\n\n\n\n<p class=\"wp-block-paragraph\">Desde el primer fallo, la presidenta municipal y los regidores, han rechazado reconocer a esta representaci\u00f3n. Incluso, se han negado a transparentar informaci\u00f3n p\u00fablica, asegur\u00f3. Ante esta negativa, se han interpuesto recursos ante el TEEH y ante el TEPJF.<\/p>\n","protected":false},"excerpt":{"rendered":"<p>NICOL\u00c1S FLORES.- Nuevamente la presidenta municipal de Nicol\u00e1s Flores, Marcela Isidro Garc\u00eda, se ha negado a cumplir con el fallo del Tribunal Electoral del Estado de Hidalgo (TEEH), para reconocer al representante ind\u00edgena de la comunidad de Texcadho, Francisco Javier Ram\u00edrez Mart\u00ednez.\u00a0 En entrevista, explic\u00f3, que la alcaldesa, se ha negado a aceptar el fallo, [&hellip;]<\/p>\n","protected":false},"author":75,"featured_media":246554,"comment_status":"closed","ping_status":"closed","sticky":false,"template":"","format":"standard","meta":{"footnotes":""},"categories":[2159,40],"tags":[],"class_list":["post-246553","post","type-post","status-publish","format-standard","has-post-thumbnail","hentry","category-noticias-de-hidalgo","category-region"],"_links":{"self":[{"href":"https:\/\/plazajuarez.mx\/historico\/wp-json\/wp\/v2\/posts\/246553","targetHints":{"allow":["GET"]}}],"collection":[{"href":"https:\/\/plazajuarez.mx\/historico\/wp-json\/wp\/v2\/posts"}],"about":[{"href":"https:\/\/plazajuarez.mx\/historico\/wp-json\/wp\/v2\/types\/post"}],"author":[{"embeddable":true,"href":"https:\/\/plazajuarez.mx\/historico\/wp-json\/wp\/v2\/users\/75"}],"replies":[{"embeddable":true,"href":"https:\/\/plazajuarez.mx\/historico\/wp-json\/wp\/v2\/comments?post=246553"}],"version-history":[{"count":0,"href":"https:\/\/plazajuarez.mx\/historico\/wp-json\/wp\/v2\/posts\/246553\/revisions"}],"wp:featuredmedia":[{"embeddable":true,"href":"https:\/\/plazajuarez.mx\/historico\/wp-json\/wp\/v2\/media\/246554"}],"wp:attachment":[{"href":"https:\/\/plazajuarez.mx\/historico\/wp-json\/wp\/v2\/media?parent=246553"}],"wp:term":[{"taxonomy":"category","embeddable":true,"href":"https:\/\/plazajuarez.mx\/historico\/wp-json\/wp\/v2\/categories?post=246553"},{"taxonomy":"post_tag","embeddable":true,"href":"https:\/\/plazajuarez.mx\/historico\/wp-json\/wp\/v2\/tags?post=246553"}],"curies":[{"name":"wp","href":"https:\/\/api.w.org\/{rel}","templated":true}]}}