{"id":246525,"date":"2023-01-16T08:24:11","date_gmt":"2023-01-16T14:24:11","guid":{"rendered":"https:\/\/plazajuarez.mx\/?p=246525"},"modified":"2023-01-16T08:24:16","modified_gmt":"2023-01-16T14:24:16","slug":"se-cumplen-154-anos-de-la-ereccion-del-estado-de-hidalgo","status":"publish","type":"post","link":"https:\/\/plazajuarez.mx\/historico\/se-cumplen-154-anos-de-la-ereccion-del-estado-de-hidalgo\/","title":{"rendered":"Se cumplen 154 a\u00f1os de la erecci\u00f3n del estado de Hidalgo\u00a0"},"content":{"rendered":"\n<p>Hoy se cumplen los 154 a\u00f1os de la creaci\u00f3n del Estado de Hidalgo, por lo que el gobernador de la entidad, Julio Menchaca Salazar, encabezar\u00e1 una ceremonia c\u00edvica en la Plaza&nbsp; Ju\u00e1rez de Pachuca, misma que est\u00e1 programada a las nueve horas, seg\u00fan la agenda del mandatario estatal.&nbsp;<\/p>\n\n\n\n<p>De acuerdo con el gobierno de extracci\u00f3n morenista: \u201ca 154 a\u00f1os de la erecci\u00f3n del estado de Hidalgo, hoy la entidad que lleva por nombre el del \u2018Padre de la Patria\u2019, Miguel Hidalgo y Costilla, se transforma con honestidad y compromiso para el bienestar del pueblo\u201d.&nbsp;<\/p>\n\n\n\n<p>Por lo anterior, cabe destacar que fue el 16 de enero de 1869 cuando, por decreto del presidente Benito Pablo Ju\u00e1rez Garc\u00eda, se cre\u00f3 el estado de Hidalgo; sin embargo, siete a\u00f1os antes, los ayuntamientos de Zimap\u00e1n, Tulancingo, Tecozautla, Mineral del Monte, El Chico, Tec\u00e1mac Itzcuincuitlapico, Tepetitl\u00e1n, El Arenal, Huascazaloya y Otumba hab\u00edan solicitado su erecci\u00f3n como entidad federativa.<\/p>\n\n\n\n<p>Los tr\u00e1mites iniciados en 1862 no prosperaron por el desarrollo de la Intervenci\u00f3n Francesa en el pa\u00eds. Ese mismo a\u00f1o, el Estado de M\u00e9xico se dividi\u00f3 en tres distritos militares; el segundo de ellos ten\u00eda como capital al municipio de Actopan y estaba integrado por casi todo el territorio hidalguense actual.<\/p>\n\n\n\n<p>El 15 de julio de 1867, los diputados Manuel Fernando Soto, Antonino Tagle, Manuel T. Andrade, Cipriano Robert, Protasio Tagle, Gabriel Mancera, Jos\u00e9 Luis Revilla y Justino Fern\u00e1ndez, retomaron el proceso de creaci\u00f3n del nuevo estado bajo el argumento de que sus habitantes ten\u00edan que trasladarse hasta Toluca para arreglar asuntos administrativos.<\/p>\n\n\n\n<p>Despu\u00e9s de varios debates, los diputados del Congreso de la Uni\u00f3n lograron -entre 1868 y 1869- la aprobaci\u00f3n del decreto que cre\u00f3 al estado de Hidalgo el 15 de enero de 1869, el cual fue publicado al d\u00eda siguiente. En 1869 Hidalgo ten\u00eda 404 mil 207 habitantes; en la actualidad el Instituto Nacional de Estad\u00edstica y Geograf\u00eda (Inegi) refiere que tiene tres millones 82 mil 8411 hidalguenses.<\/p>\n","protected":false},"excerpt":{"rendered":"<p>Hoy se cumplen los 154 a\u00f1os de la creaci\u00f3n del Estado de Hidalgo, por lo que el gobernador de la entidad, Julio Menchaca Salazar, encabezar\u00e1 una ceremonia c\u00edvica en la Plaza&nbsp; Ju\u00e1rez de Pachuca, misma que est\u00e1 programada a las nueve horas, seg\u00fan la agenda del mandatario estatal.&nbsp; De acuerdo con el gobierno de extracci\u00f3n [&hellip;]<\/p>\n","protected":false},"author":72,"featured_media":246526,"comment_status":"closed","ping_status":"closed","sticky":false,"template":"","format":"standard","meta":{"footnotes":""},"categories":[15,59,2159],"tags":[],"class_list":["post-246525","post","type-post","status-publish","format-standard","has-post-thumbnail","hentry","category-destacadas","category-general","category-noticias-de-hidalgo"],"_links":{"self":[{"href":"https:\/\/plazajuarez.mx\/historico\/wp-json\/wp\/v2\/posts\/246525","targetHints":{"allow":["GET"]}}],"collection":[{"href":"https:\/\/plazajuarez.mx\/historico\/wp-json\/wp\/v2\/posts"}],"about":[{"href":"https:\/\/plazajuarez.mx\/historico\/wp-json\/wp\/v2\/types\/post"}],"author":[{"embeddable":true,"href":"https:\/\/plazajuarez.mx\/historico\/wp-json\/wp\/v2\/users\/72"}],"replies":[{"embeddable":true,"href":"https:\/\/plazajuarez.mx\/historico\/wp-json\/wp\/v2\/comments?post=246525"}],"version-history":[{"count":0,"href":"https:\/\/plazajuarez.mx\/historico\/wp-json\/wp\/v2\/posts\/246525\/revisions"}],"wp:featuredmedia":[{"embeddable":true,"href":"https:\/\/plazajuarez.mx\/historico\/wp-json\/wp\/v2\/media\/246526"}],"wp:attachment":[{"href":"https:\/\/plazajuarez.mx\/historico\/wp-json\/wp\/v2\/media?parent=246525"}],"wp:term":[{"taxonomy":"category","embeddable":true,"href":"https:\/\/plazajuarez.mx\/historico\/wp-json\/wp\/v2\/categories?post=246525"},{"taxonomy":"post_tag","embeddable":true,"href":"https:\/\/plazajuarez.mx\/historico\/wp-json\/wp\/v2\/tags?post=246525"}],"curies":[{"name":"wp","href":"https:\/\/api.w.org\/{rel}","templated":true}]}}