{"id":246214,"date":"2023-01-12T20:26:13","date_gmt":"2023-01-13T02:26:13","guid":{"rendered":"https:\/\/plazajuarez.mx\/?p=246214"},"modified":"2023-01-12T20:26:20","modified_gmt":"2023-01-13T02:26:20","slug":"reportaron-la-desaparicion-de-tres-hombres-y-de-una-joven-de-20-anos","status":"publish","type":"post","link":"https:\/\/plazajuarez.mx\/historico\/reportaron-la-desaparicion-de-tres-hombres-y-de-una-joven-de-20-anos\/","title":{"rendered":"Reportaron la desaparici\u00f3n\u00a0de tres hombres y de una\u00a0joven de 20 a\u00f1os"},"content":{"rendered":"\n<p>En las \u00faltimas horas a la Procuradur\u00eda General de Justicia del estado de Hidalgo, se presentaron los familiares de tres varones y una mujer, para denunciar su desaparici\u00f3n y pedir ayuda para tratar de localizarlos.<\/p>\n\n\n\n<p>Por ello se activ\u00f3 la Ficha de B\u00fasqueda en favor de Ernesto Mart\u00ednez Altamirano de 57 a\u00f1os de edad, quien fue visto por \u00faltima vez en Actopan el 21 de diciembre de 2022.<\/p>\n\n\n\n<p>As\u00ed mismo se solicit\u00f3 la Difusi\u00f3n de la Ficha de B\u00fasqueda de \u00c1ngel Geovani Mart\u00edn V\u00e1zquez de 20 a\u00f1os, quien desapareci\u00f3 en Ixmiquilpan el 09 de enero de 2023.<\/p>\n\n\n\n<p>Adem\u00e1s se realiz\u00f3 la Ficha de B\u00fasqueda de Esteban Fuentes Fuentes de 63 a\u00f1os, quien fue visto por \u00faltima vez en Alfajayucan el 09 de enero de 2023.<\/p>\n\n\n\n<p>Finalmente se busca a Diana Gabriela Moncada Mondo\u00f1o de 20 a\u00f1os, quien fue vista por \u00faltima vez en Mineral de la Reforma el 28 de diciembre de 2022. Y desde ese momento se desconoce sobre su paradero.<\/p>\n","protected":false},"excerpt":{"rendered":"<p>En las \u00faltimas horas a la Procuradur\u00eda General de Justicia del estado de Hidalgo, se presentaron los familiares de tres varones y una mujer, para denunciar su desaparici\u00f3n y pedir ayuda para tratar de localizarlos. Por ello se activ\u00f3 la Ficha de B\u00fasqueda en favor de Ernesto Mart\u00ednez Altamirano de 57 a\u00f1os de edad, quien [&hellip;]<\/p>\n","protected":false},"author":93,"featured_media":246215,"comment_status":"closed","ping_status":"closed","sticky":false,"template":"","format":"standard","meta":{"footnotes":""},"categories":[37],"tags":[],"class_list":["post-246214","post","type-post","status-publish","format-standard","has-post-thumbnail","hentry","category-barandilla"],"_links":{"self":[{"href":"https:\/\/plazajuarez.mx\/historico\/wp-json\/wp\/v2\/posts\/246214","targetHints":{"allow":["GET"]}}],"collection":[{"href":"https:\/\/plazajuarez.mx\/historico\/wp-json\/wp\/v2\/posts"}],"about":[{"href":"https:\/\/plazajuarez.mx\/historico\/wp-json\/wp\/v2\/types\/post"}],"author":[{"embeddable":true,"href":"https:\/\/plazajuarez.mx\/historico\/wp-json\/wp\/v2\/users\/93"}],"replies":[{"embeddable":true,"href":"https:\/\/plazajuarez.mx\/historico\/wp-json\/wp\/v2\/comments?post=246214"}],"version-history":[{"count":0,"href":"https:\/\/plazajuarez.mx\/historico\/wp-json\/wp\/v2\/posts\/246214\/revisions"}],"wp:featuredmedia":[{"embeddable":true,"href":"https:\/\/plazajuarez.mx\/historico\/wp-json\/wp\/v2\/media\/246215"}],"wp:attachment":[{"href":"https:\/\/plazajuarez.mx\/historico\/wp-json\/wp\/v2\/media?parent=246214"}],"wp:term":[{"taxonomy":"category","embeddable":true,"href":"https:\/\/plazajuarez.mx\/historico\/wp-json\/wp\/v2\/categories?post=246214"},{"taxonomy":"post_tag","embeddable":true,"href":"https:\/\/plazajuarez.mx\/historico\/wp-json\/wp\/v2\/tags?post=246214"}],"curies":[{"name":"wp","href":"https:\/\/api.w.org\/{rel}","templated":true}]}}