{"id":246208,"date":"2023-01-12T20:23:46","date_gmt":"2023-01-13T02:23:46","guid":{"rendered":"https:\/\/plazajuarez.mx\/?p=246208"},"modified":"2023-01-12T20:23:54","modified_gmt":"2023-01-13T02:23:54","slug":"regidor-de-ixmiquilpan-pide-licencia-a-su-cargo","status":"publish","type":"post","link":"https:\/\/plazajuarez.mx\/historico\/regidor-de-ixmiquilpan-pide-licencia-a-su-cargo\/","title":{"rendered":"Regidor de Ixmiquilpan, pide licencia a su cargo\u00a0"},"content":{"rendered":"\n<p><strong>IXMIQUILPAN.<\/strong> El regidor, Edmundo Ram\u00edrez Mart\u00ednez, solicit\u00f3 licencia a su cargo por tiempo indefinido, debido a que se encuentra tramitando su residencia en los Estados Unidos, proceso que lo obliga a salir constantemente del pa\u00eds.\u00a0<\/p>\n\n\n\n<p>Esta situaci\u00f3n, dijo, no le permite cumplir con sus funciones de regidor, pues aunque existen sesiones virtuales, algunas son presenciales y no estar\u00eda en condiciones de asistir al Cabildo.&nbsp;<\/p>\n\n\n\n<p>Por este motivo, ingres\u00f3 su petici\u00f3n de licencia para que le sea aprobada en la siguiente sesi\u00f3n ordinaria, seg\u00fan el documento difundido ayer a trav\u00e9s de su cuenta personal de Facebook.&nbsp;<\/p>\n\n\n\n<p>Ya en entrevista, confirm\u00f3 su salida del ayuntamiento, que dijo, se debe a asuntos meramente personales que le impiden cumplir con la agenda del municipio y por este motivo busca no perjudicar el desarrollo del Cabildo.<\/p>\n","protected":false},"excerpt":{"rendered":"<p>IXMIQUILPAN. El regidor, Edmundo Ram\u00edrez Mart\u00ednez, solicit\u00f3 licencia a su cargo por tiempo indefinido, debido a que se encuentra tramitando su residencia en los Estados Unidos, proceso que lo obliga a salir constantemente del pa\u00eds.\u00a0 Esta situaci\u00f3n, dijo, no le permite cumplir con sus funciones de regidor, pues aunque existen sesiones virtuales, algunas son presenciales [&hellip;]<\/p>\n","protected":false},"author":75,"featured_media":246209,"comment_status":"closed","ping_status":"closed","sticky":false,"template":"","format":"standard","meta":{"footnotes":""},"categories":[2159,40],"tags":[],"class_list":["post-246208","post","type-post","status-publish","format-standard","has-post-thumbnail","hentry","category-noticias-de-hidalgo","category-region"],"_links":{"self":[{"href":"https:\/\/plazajuarez.mx\/historico\/wp-json\/wp\/v2\/posts\/246208","targetHints":{"allow":["GET"]}}],"collection":[{"href":"https:\/\/plazajuarez.mx\/historico\/wp-json\/wp\/v2\/posts"}],"about":[{"href":"https:\/\/plazajuarez.mx\/historico\/wp-json\/wp\/v2\/types\/post"}],"author":[{"embeddable":true,"href":"https:\/\/plazajuarez.mx\/historico\/wp-json\/wp\/v2\/users\/75"}],"replies":[{"embeddable":true,"href":"https:\/\/plazajuarez.mx\/historico\/wp-json\/wp\/v2\/comments?post=246208"}],"version-history":[{"count":0,"href":"https:\/\/plazajuarez.mx\/historico\/wp-json\/wp\/v2\/posts\/246208\/revisions"}],"wp:featuredmedia":[{"embeddable":true,"href":"https:\/\/plazajuarez.mx\/historico\/wp-json\/wp\/v2\/media\/246209"}],"wp:attachment":[{"href":"https:\/\/plazajuarez.mx\/historico\/wp-json\/wp\/v2\/media?parent=246208"}],"wp:term":[{"taxonomy":"category","embeddable":true,"href":"https:\/\/plazajuarez.mx\/historico\/wp-json\/wp\/v2\/categories?post=246208"},{"taxonomy":"post_tag","embeddable":true,"href":"https:\/\/plazajuarez.mx\/historico\/wp-json\/wp\/v2\/tags?post=246208"}],"curies":[{"name":"wp","href":"https:\/\/api.w.org\/{rel}","templated":true}]}}