{"id":246199,"date":"2023-01-12T20:16:52","date_gmt":"2023-01-13T02:16:52","guid":{"rendered":"https:\/\/plazajuarez.mx\/?p=246199"},"modified":"2023-01-12T22:32:20","modified_gmt":"2023-01-13T04:32:20","slug":"detienen-a-ex-regidora-de-ixmiquilpan","status":"publish","type":"post","link":"https:\/\/plazajuarez.mx\/historico\/detienen-a-ex-regidora-de-ixmiquilpan\/","title":{"rendered":"Detienen a ex regidora de Ixmiquilpan\u00a0"},"content":{"rendered":"\n<p>IXMIQUILPAN.- Sonia \u201cN\u201d, ex regidora de Ixmiquilpan en dos ocasiones y tesorera en la gesti\u00f3n del expresidente municipal, Cipriano Charrez Pedraza, fue detenida el mi\u00e9rcoles por la tarde, seg\u00fan el Sistema Nacional de Detenciones.&nbsp;<\/p>\n\n\n\n<p>Mediante un operativo, la polic\u00eda de investigaci\u00f3n, llev\u00f3 a cabo la detenci\u00f3n en el barrio de La Reforma, donde fue asegurada y posteriormente puesta a disposici\u00f3n del Ministerio P\u00fablico (MP).&nbsp;<\/p>\n\n\n\n<p>La ex regidora, es responsabilizada de formar parte de la quema de cinco patrullas del municipio en septiembre del 2019 cuando era presidente municipal de Ixmiquilpan, Pascual Charrez Pedraza.&nbsp;<\/p>\n\n\n\n<p>Por su parte, regidores de Ixmiquilpan informaron, que el delito fue reclasificado recientemente, lo que permiti\u00f3 al ayuntamiento fijar una cuota para los tres autores intelectuales de estos hechos, para cubrir un monto superior a los 730 mil pesos, que fue el costo del da\u00f1o, seg\u00fan el \u00faltimo peritaje.&nbsp;<\/p>\n\n\n\n<p>Hasta el momento, se desconoce su situaci\u00f3n legal, toda vez que los otros dos involucrados en estos hechos, Alfredo \u201cN\u201d y Josue Ad\u00e1n \u201cN\u201d, contin\u00faan en prisi\u00f3n, pese a haberse comprometido a pagar.<\/p>\n","protected":false},"excerpt":{"rendered":"<p>IXMIQUILPAN.- Sonia \u201cN\u201d, ex regidora de Ixmiquilpan en dos ocasiones y tesorera en la gesti\u00f3n del expresidente municipal, Cipriano Charrez Pedraza, fue detenida el mi\u00e9rcoles por la tarde, seg\u00fan el Sistema Nacional de Detenciones.&nbsp; Mediante un operativo, la polic\u00eda de investigaci\u00f3n, llev\u00f3 a cabo la detenci\u00f3n en el barrio de La Reforma, donde fue asegurada [&hellip;]<\/p>\n","protected":false},"author":75,"featured_media":246257,"comment_status":"closed","ping_status":"closed","sticky":false,"template":"","format":"standard","meta":{"footnotes":""},"categories":[15,2159,40],"tags":[],"class_list":["post-246199","post","type-post","status-publish","format-standard","has-post-thumbnail","hentry","category-destacadas","category-noticias-de-hidalgo","category-region"],"_links":{"self":[{"href":"https:\/\/plazajuarez.mx\/historico\/wp-json\/wp\/v2\/posts\/246199","targetHints":{"allow":["GET"]}}],"collection":[{"href":"https:\/\/plazajuarez.mx\/historico\/wp-json\/wp\/v2\/posts"}],"about":[{"href":"https:\/\/plazajuarez.mx\/historico\/wp-json\/wp\/v2\/types\/post"}],"author":[{"embeddable":true,"href":"https:\/\/plazajuarez.mx\/historico\/wp-json\/wp\/v2\/users\/75"}],"replies":[{"embeddable":true,"href":"https:\/\/plazajuarez.mx\/historico\/wp-json\/wp\/v2\/comments?post=246199"}],"version-history":[{"count":0,"href":"https:\/\/plazajuarez.mx\/historico\/wp-json\/wp\/v2\/posts\/246199\/revisions"}],"wp:featuredmedia":[{"embeddable":true,"href":"https:\/\/plazajuarez.mx\/historico\/wp-json\/wp\/v2\/media\/246257"}],"wp:attachment":[{"href":"https:\/\/plazajuarez.mx\/historico\/wp-json\/wp\/v2\/media?parent=246199"}],"wp:term":[{"taxonomy":"category","embeddable":true,"href":"https:\/\/plazajuarez.mx\/historico\/wp-json\/wp\/v2\/categories?post=246199"},{"taxonomy":"post_tag","embeddable":true,"href":"https:\/\/plazajuarez.mx\/historico\/wp-json\/wp\/v2\/tags?post=246199"}],"curies":[{"name":"wp","href":"https:\/\/api.w.org\/{rel}","templated":true}]}}