{"id":24581,"date":"2016-07-11T12:37:35","date_gmt":"2016-07-11T12:37:35","guid":{"rendered":"http:\/\/plazajuarez.mx\/index\/index.php\/2016\/07\/11\/aubrey-plaza-se-declara-bisexual\/"},"modified":"2016-07-11T12:37:35","modified_gmt":"2016-07-11T12:37:35","slug":"aubrey-plaza-se-declara-bisexual","status":"publish","type":"post","link":"https:\/\/plazajuarez.mx\/historico\/aubrey-plaza-se-declara-bisexual\/","title":{"rendered":"Aubrey Plaza se declara bisexual"},"content":{"rendered":"<p style=\"text-align: justify;\">La actriz estadounidense Aubrey Plaza revel\u00f3 en una reciente entrevista que es bisexual, pues se enamora tanto de hombres como mujeres.<\/p>\n<p>  <!--more-->  <\/p>\n<p style=\"text-align: justify;\">\u201cS\u00e9 que tengo esta cosa andr\u00f3gina y hay algo masculino en mi energ\u00eda. Le gusto a muchas mujeres, eso no es ning\u00fan secreto, y la verdad es que a m\u00ed tambi\u00e9n me atraen. Me enamoro de chicas y de chicos, no puedo evitarlo\u201d, explic\u00f3 a la revista \u201cThe Advocate\u201d.<br \/>La actriz se cri\u00f3 en un \u00e1rea republicana, con una fuerte presencia de irlandeses cat\u00f3licos, pero en su familia siempre hubo apertura acerca de la sexualidad.<br \/>\u201cTengo una t\u00eda lesbiana, un t\u00edo gay y crec\u00ed pensando que todo el mundo ten\u00eda un t\u00edo o una t\u00eda homosexual. Mi hermana peque\u00f1a es lesbiana, as\u00ed que lo llevo en la sangre supongo\u201d, a\u00f1adi\u00f3 Aubrey.<\/p>\n","protected":false},"excerpt":{"rendered":"<p>La actriz estadounidense Aubrey Plaza revel\u00f3 en una reciente entrevista que es bisexual, pues se enamora tanto de hombres como mujeres.<\/p>\n","protected":false},"author":93,"featured_media":0,"comment_status":"open","ping_status":"open","sticky":false,"template":"","format":"standard","meta":{"footnotes":""},"categories":[38],"tags":[],"class_list":["post-24581","post","type-post","status-publish","format-standard","hentry","category-show"],"_links":{"self":[{"href":"https:\/\/plazajuarez.mx\/historico\/wp-json\/wp\/v2\/posts\/24581","targetHints":{"allow":["GET"]}}],"collection":[{"href":"https:\/\/plazajuarez.mx\/historico\/wp-json\/wp\/v2\/posts"}],"about":[{"href":"https:\/\/plazajuarez.mx\/historico\/wp-json\/wp\/v2\/types\/post"}],"author":[{"embeddable":true,"href":"https:\/\/plazajuarez.mx\/historico\/wp-json\/wp\/v2\/users\/93"}],"replies":[{"embeddable":true,"href":"https:\/\/plazajuarez.mx\/historico\/wp-json\/wp\/v2\/comments?post=24581"}],"version-history":[{"count":0,"href":"https:\/\/plazajuarez.mx\/historico\/wp-json\/wp\/v2\/posts\/24581\/revisions"}],"wp:attachment":[{"href":"https:\/\/plazajuarez.mx\/historico\/wp-json\/wp\/v2\/media?parent=24581"}],"wp:term":[{"taxonomy":"category","embeddable":true,"href":"https:\/\/plazajuarez.mx\/historico\/wp-json\/wp\/v2\/categories?post=24581"},{"taxonomy":"post_tag","embeddable":true,"href":"https:\/\/plazajuarez.mx\/historico\/wp-json\/wp\/v2\/tags?post=24581"}],"curies":[{"name":"wp","href":"https:\/\/api.w.org\/{rel}","templated":true}]}}