{"id":245725,"date":"2023-01-11T05:00:00","date_gmt":"2023-01-11T11:00:00","guid":{"rendered":"https:\/\/plazajuarez.mx\/?p=245725"},"modified":"2023-01-10T22:46:21","modified_gmt":"2023-01-11T04:46:21","slug":"dese-por-enterado-1073","status":"publish","type":"post","link":"https:\/\/plazajuarez.mx\/historico\/dese-por-enterado-1073\/","title":{"rendered":"DESE POR ENTERADO"},"content":{"rendered":"\n<p class=\"wp-block-paragraph\"><strong>AVISO, PARA LOS QUE GUSTAN DE ESTOS ASUNTOS<\/strong>. \u2013 <strong>La columna que usted lee empezar\u00e1 a publicarse \u00fanicamente los d\u00edas LUNES, MI\u00c9RCOLES y VIERNES. De tal modo que nos tomaremos los MARTES y JUEVES<\/strong>, para recabar todos los trascendidos, chismes si usted quiere, versiones no confirmadas, opiniones de \u201cobservadores\u201d, filtraciones, etc\u00e9tera, etc\u00e9tera y etc\u00e9tera. Eso s\u00ed, ser\u00e1n m\u00e1s de \u201cno importa chipote con sangre, sea grande, o sea chico\u201d. Vaya pues que no dejaremos t\u00edtere con cabeza, o lo que es igual, aplicaremos la ley esa de que, \u201cquien se r\u00ede se lleva\u201d. <strong>As\u00ed que los LUNES, MI\u00c9RCOLES Y VIERNES, por ac\u00e1 nos veremos. Por lo mientras nos leemos hasta el pr\u00f3ximo VIERNES.<\/strong><\/p>\n\n\n\n<figure class=\"wp-block-image size-full\"><img loading=\"lazy\" decoding=\"async\" width=\"720\" height=\"480\" src=\"https:\/\/plazajuarez.mx\/historico\/historico\/wp-content\/uploads\/2023\/01\/AVISO-PARA-LOS-QUE-GUSTAN-DE-ESTOS-ASUNTOS.-\u2013-Ilustrativa.jpg\" alt=\"\" class=\"wp-image-245727\" srcset=\"https:\/\/plazajuarez.mx\/historico\/wp-content\/uploads\/2023\/01\/AVISO-PARA-LOS-QUE-GUSTAN-DE-ESTOS-ASUNTOS.-\u2013-Ilustrativa.jpg 720w, https:\/\/plazajuarez.mx\/historico\/wp-content\/uploads\/2023\/01\/AVISO-PARA-LOS-QUE-GUSTAN-DE-ESTOS-ASUNTOS.-\u2013-Ilustrativa-274x183.jpg 274w, https:\/\/plazajuarez.mx\/historico\/wp-content\/uploads\/2023\/01\/AVISO-PARA-LOS-QUE-GUSTAN-DE-ESTOS-ASUNTOS.-\u2013-Ilustrativa-80x54.jpg 80w, https:\/\/plazajuarez.mx\/historico\/wp-content\/uploads\/2023\/01\/AVISO-PARA-LOS-QUE-GUSTAN-DE-ESTOS-ASUNTOS.-\u2013-Ilustrativa-130x87.jpg 130w, https:\/\/plazajuarez.mx\/historico\/wp-content\/uploads\/2023\/01\/AVISO-PARA-LOS-QUE-GUSTAN-DE-ESTOS-ASUNTOS.-\u2013-Ilustrativa-359x240.jpg 359w, https:\/\/plazajuarez.mx\/historico\/wp-content\/uploads\/2023\/01\/AVISO-PARA-LOS-QUE-GUSTAN-DE-ESTOS-ASUNTOS.-\u2013-Ilustrativa-85x57.jpg 85w, https:\/\/plazajuarez.mx\/historico\/wp-content\/uploads\/2023\/01\/AVISO-PARA-LOS-QUE-GUSTAN-DE-ESTOS-ASUNTOS.-\u2013-Ilustrativa-546x365.jpg 546w, https:\/\/plazajuarez.mx\/historico\/wp-content\/uploads\/2023\/01\/AVISO-PARA-LOS-QUE-GUSTAN-DE-ESTOS-ASUNTOS.-\u2013-Ilustrativa-165x109.jpg 165w, https:\/\/plazajuarez.mx\/historico\/wp-content\/uploads\/2023\/01\/AVISO-PARA-LOS-QUE-GUSTAN-DE-ESTOS-ASUNTOS.-\u2013-Ilustrativa-112x75.jpg 112w, https:\/\/plazajuarez.mx\/historico\/wp-content\/uploads\/2023\/01\/AVISO-PARA-LOS-QUE-GUSTAN-DE-ESTOS-ASUNTOS.-\u2013-Ilustrativa-179x120.jpg 179w, https:\/\/plazajuarez.mx\/historico\/wp-content\/uploads\/2023\/01\/AVISO-PARA-LOS-QUE-GUSTAN-DE-ESTOS-ASUNTOS.-\u2013-Ilustrativa-170x113.jpg 170w, https:\/\/plazajuarez.mx\/historico\/wp-content\/uploads\/2023\/01\/AVISO-PARA-LOS-QUE-GUSTAN-DE-ESTOS-ASUNTOS.-\u2013-Ilustrativa-81x55.jpg 81w, https:\/\/plazajuarez.mx\/historico\/wp-content\/uploads\/2023\/01\/AVISO-PARA-LOS-QUE-GUSTAN-DE-ESTOS-ASUNTOS.-\u2013-Ilustrativa-765x510.jpg 765w\" sizes=\"auto, (max-width: 720px) 100vw, 720px\" \/><\/figure>\n\n\n\n<p class=\"wp-block-paragraph\"><\/p>\n\n\n\n<p class=\"wp-block-paragraph\"><strong>DESAYUNOS GRILLOS, A LA BAJA<\/strong>. \u2013 Un tiempo se hicieron famosos restaurantes donde todos los grillos de nivel, grillos aspiracionistas tambi\u00e9n, y toda la fauna que existe en esos asuntos, se reun\u00edan en el \u201cAparador de San Javier\u201d contidianamente. Algunos de plano formaron su secta secreta, de la que a estas alturas quedan muy pocos integrantes, y no pocos de los que se fueron lo hicieron no sin antes recordarle a sus jefecitas a los antiguos casi hermanos. Son \u00e9pocas, a lo mejor modas, pero en su tiempo se antojaban interesantes, aunque eso si con la siglas N.R.D.A (nos reservamos derecho de admisi\u00f3n). As\u00ed pasa, pero de los que un tiempo se ve\u00edan siempre en una mesa a la espera de sus invitados, ya no queda nada.<\/p>\n\n\n\n<figure class=\"wp-block-image size-full\"><img loading=\"lazy\" decoding=\"async\" width=\"725\" height=\"480\" src=\"https:\/\/plazajuarez.mx\/historico\/historico\/wp-content\/uploads\/2023\/01\/DESAYUNOS-GRILLOS-A-LA-BAJA.-\u2013-Ilustrativa-.jpg\" alt=\"\" class=\"wp-image-245728\" srcset=\"https:\/\/plazajuarez.mx\/historico\/wp-content\/uploads\/2023\/01\/DESAYUNOS-GRILLOS-A-LA-BAJA.-\u2013-Ilustrativa-.jpg 725w, https:\/\/plazajuarez.mx\/historico\/wp-content\/uploads\/2023\/01\/DESAYUNOS-GRILLOS-A-LA-BAJA.-\u2013-Ilustrativa--80x54.jpg 80w, https:\/\/plazajuarez.mx\/historico\/wp-content\/uploads\/2023\/01\/DESAYUNOS-GRILLOS-A-LA-BAJA.-\u2013-Ilustrativa--130x87.jpg 130w, https:\/\/plazajuarez.mx\/historico\/wp-content\/uploads\/2023\/01\/DESAYUNOS-GRILLOS-A-LA-BAJA.-\u2013-Ilustrativa--85x57.jpg 85w, https:\/\/plazajuarez.mx\/historico\/wp-content\/uploads\/2023\/01\/DESAYUNOS-GRILLOS-A-LA-BAJA.-\u2013-Ilustrativa--165x109.jpg 165w, https:\/\/plazajuarez.mx\/historico\/wp-content\/uploads\/2023\/01\/DESAYUNOS-GRILLOS-A-LA-BAJA.-\u2013-Ilustrativa--112x75.jpg 112w, https:\/\/plazajuarez.mx\/historico\/wp-content\/uploads\/2023\/01\/DESAYUNOS-GRILLOS-A-LA-BAJA.-\u2013-Ilustrativa--179x120.jpg 179w, https:\/\/plazajuarez.mx\/historico\/wp-content\/uploads\/2023\/01\/DESAYUNOS-GRILLOS-A-LA-BAJA.-\u2013-Ilustrativa--170x113.jpg 170w, https:\/\/plazajuarez.mx\/historico\/wp-content\/uploads\/2023\/01\/DESAYUNOS-GRILLOS-A-LA-BAJA.-\u2013-Ilustrativa--81x55.jpg 81w\" sizes=\"auto, (max-width: 725px) 100vw, 725px\" \/><\/figure>\n\n\n\n<p class=\"wp-block-paragraph\"><strong>EL ASUNTO DE LA FIRMA LEGAL D\u00cdAZ<\/strong>. \u2013 En una columna de corte nacional, porque aparece en El Univesal, se hacen un mont\u00f3n de conjeturas en torno a la bronca que trae el titular de la firma de abogados D\u00edaz, al grado de ligarlo al ex gobernador, Jes\u00fas Murillo Karam, quien vive un momento complicado por los se\u00f1alamientos, ninguno comprobado, de la Subsecretar\u00eda de Derechos Humanos de la Secretar\u00eda de Gobernaci\u00f3n. Resulta interesante el texto citado, pero poco cre\u00edble, o por lo menos con muy poco sustento en los hechos, porque de buenas a primeras habla de todo un grupo de ex gobernadores mafiosos. Veremos, pero por lo mientras lo cierto es que el joven abogado titular de la flirma D\u00edaz, est\u00e1 metido en un problem\u00f3n.<\/p>\n\n\n\n<figure class=\"wp-block-image size-full\"><img loading=\"lazy\" decoding=\"async\" width=\"1200\" height=\"800\" src=\"https:\/\/plazajuarez.mx\/historico\/historico\/wp-content\/uploads\/2023\/01\/EL-ASUNTO-DE-LA-FIRMA-LEGAL-DI\u0301AZ.-\u2013-Especial.jpeg\" alt=\"\" class=\"wp-image-245729\" srcset=\"https:\/\/plazajuarez.mx\/historico\/wp-content\/uploads\/2023\/01\/EL-ASUNTO-DE-LA-FIRMA-LEGAL-DI\u0301AZ.-\u2013-Especial.jpeg 1200w, https:\/\/plazajuarez.mx\/historico\/wp-content\/uploads\/2023\/01\/EL-ASUNTO-DE-LA-FIRMA-LEGAL-DI\u0301AZ.-\u2013-Especial-768x512.jpeg 768w, https:\/\/plazajuarez.mx\/historico\/wp-content\/uploads\/2023\/01\/EL-ASUNTO-DE-LA-FIRMA-LEGAL-DI\u0301AZ.-\u2013-Especial-274x183.jpeg 274w, https:\/\/plazajuarez.mx\/historico\/wp-content\/uploads\/2023\/01\/EL-ASUNTO-DE-LA-FIRMA-LEGAL-DI\u0301AZ.-\u2013-Especial-80x54.jpeg 80w, https:\/\/plazajuarez.mx\/historico\/wp-content\/uploads\/2023\/01\/EL-ASUNTO-DE-LA-FIRMA-LEGAL-DI\u0301AZ.-\u2013-Especial-130x87.jpeg 130w, https:\/\/plazajuarez.mx\/historico\/wp-content\/uploads\/2023\/01\/EL-ASUNTO-DE-LA-FIRMA-LEGAL-DI\u0301AZ.-\u2013-Especial-359x240.jpeg 359w, https:\/\/plazajuarez.mx\/historico\/wp-content\/uploads\/2023\/01\/EL-ASUNTO-DE-LA-FIRMA-LEGAL-DI\u0301AZ.-\u2013-Especial-85x57.jpeg 85w, https:\/\/plazajuarez.mx\/historico\/wp-content\/uploads\/2023\/01\/EL-ASUNTO-DE-LA-FIRMA-LEGAL-DI\u0301AZ.-\u2013-Especial-546x365.jpeg 546w, https:\/\/plazajuarez.mx\/historico\/wp-content\/uploads\/2023\/01\/EL-ASUNTO-DE-LA-FIRMA-LEGAL-DI\u0301AZ.-\u2013-Especial-165x109.jpeg 165w, https:\/\/plazajuarez.mx\/historico\/wp-content\/uploads\/2023\/01\/EL-ASUNTO-DE-LA-FIRMA-LEGAL-DI\u0301AZ.-\u2013-Especial-112x75.jpeg 112w, https:\/\/plazajuarez.mx\/historico\/wp-content\/uploads\/2023\/01\/EL-ASUNTO-DE-LA-FIRMA-LEGAL-DI\u0301AZ.-\u2013-Especial-179x120.jpeg 179w, https:\/\/plazajuarez.mx\/historico\/wp-content\/uploads\/2023\/01\/EL-ASUNTO-DE-LA-FIRMA-LEGAL-DI\u0301AZ.-\u2013-Especial-170x113.jpeg 170w, https:\/\/plazajuarez.mx\/historico\/wp-content\/uploads\/2023\/01\/EL-ASUNTO-DE-LA-FIRMA-LEGAL-DI\u0301AZ.-\u2013-Especial-81x55.jpeg 81w, https:\/\/plazajuarez.mx\/historico\/wp-content\/uploads\/2023\/01\/EL-ASUNTO-DE-LA-FIRMA-LEGAL-DI\u0301AZ.-\u2013-Especial-765x510.jpeg 765w\" sizes=\"auto, (max-width: 1200px) 100vw, 1200px\" \/><\/figure>\n\n\n\n<p class=\"wp-block-paragraph\"><strong>AN\u00cdMESE Y ESCR\u00cdBANOS.<\/strong> \u2013 Sea por correo, o a la cuenta de Twitter, esperamos sus comentarios, \u201cfiltraciones\u201d, avisos dominicales, comentarios. Vaya, lo que usted desee, para enriquecer este espacio de chunga. Tampoco aceptamos, eso s\u00ed, que quieran surtirse a sus enemigos con viles mentiras, porque una cosa es el chisme as\u00ed sabroso, digno de un mercado, y otra las mentiras viles y mal intencionadas. Bueno, est\u00e1 dicho. Ac\u00e1 nos leemos el viernes.<\/p>\n\n\n\n<figure class=\"wp-block-image size-full\"><img loading=\"lazy\" decoding=\"async\" width=\"720\" height=\"480\" src=\"https:\/\/plazajuarez.mx\/historico\/historico\/wp-content\/uploads\/2023\/01\/ANI\u0301MESE-Y-ESCRI\u0301BANOS.-\u2013Ilustrativa-.jpg\" alt=\"\" class=\"wp-image-245730\" srcset=\"https:\/\/plazajuarez.mx\/historico\/wp-content\/uploads\/2023\/01\/ANI\u0301MESE-Y-ESCRI\u0301BANOS.-\u2013Ilustrativa-.jpg 720w, https:\/\/plazajuarez.mx\/historico\/wp-content\/uploads\/2023\/01\/ANI\u0301MESE-Y-ESCRI\u0301BANOS.-\u2013Ilustrativa--274x183.jpg 274w, https:\/\/plazajuarez.mx\/historico\/wp-content\/uploads\/2023\/01\/ANI\u0301MESE-Y-ESCRI\u0301BANOS.-\u2013Ilustrativa--80x54.jpg 80w, https:\/\/plazajuarez.mx\/historico\/wp-content\/uploads\/2023\/01\/ANI\u0301MESE-Y-ESCRI\u0301BANOS.-\u2013Ilustrativa--130x87.jpg 130w, https:\/\/plazajuarez.mx\/historico\/wp-content\/uploads\/2023\/01\/ANI\u0301MESE-Y-ESCRI\u0301BANOS.-\u2013Ilustrativa--359x240.jpg 359w, https:\/\/plazajuarez.mx\/historico\/wp-content\/uploads\/2023\/01\/ANI\u0301MESE-Y-ESCRI\u0301BANOS.-\u2013Ilustrativa--85x57.jpg 85w, https:\/\/plazajuarez.mx\/historico\/wp-content\/uploads\/2023\/01\/ANI\u0301MESE-Y-ESCRI\u0301BANOS.-\u2013Ilustrativa--546x365.jpg 546w, https:\/\/plazajuarez.mx\/historico\/wp-content\/uploads\/2023\/01\/ANI\u0301MESE-Y-ESCRI\u0301BANOS.-\u2013Ilustrativa--165x109.jpg 165w, https:\/\/plazajuarez.mx\/historico\/wp-content\/uploads\/2023\/01\/ANI\u0301MESE-Y-ESCRI\u0301BANOS.-\u2013Ilustrativa--112x75.jpg 112w, https:\/\/plazajuarez.mx\/historico\/wp-content\/uploads\/2023\/01\/ANI\u0301MESE-Y-ESCRI\u0301BANOS.-\u2013Ilustrativa--179x120.jpg 179w, https:\/\/plazajuarez.mx\/historico\/wp-content\/uploads\/2023\/01\/ANI\u0301MESE-Y-ESCRI\u0301BANOS.-\u2013Ilustrativa--170x113.jpg 170w, https:\/\/plazajuarez.mx\/historico\/wp-content\/uploads\/2023\/01\/ANI\u0301MESE-Y-ESCRI\u0301BANOS.-\u2013Ilustrativa--81x55.jpg 81w, https:\/\/plazajuarez.mx\/historico\/wp-content\/uploads\/2023\/01\/ANI\u0301MESE-Y-ESCRI\u0301BANOS.-\u2013Ilustrativa--765x510.jpg 765w\" sizes=\"auto, (max-width: 720px) 100vw, 720px\" \/><\/figure>\n\n\n\n<p class=\"wp-block-paragraph\"><strong>Aviso para que no digan: Esta columna se nutre de comentarios recabados por agencias del Recontra-Espionaje, muy similares a las que populariz\u00f3 el \u201cS\u00faper Agente 86\u201d en sus tiempos. Como tal lo que publicamos puede que sea cierto, puede que no, o todo lo contrario. Est\u00e1 usted en libertad de creer o no lo que lee, recontra-enojarse, recontra-carcajearse y hasta recontra-recordarnos a nuestra jefecita (nosotros recontra-haremos lo propio). Avisado est\u00e1 usted.&nbsp;<\/strong><\/p>\n\n\n\n<p class=\"wp-block-paragraph\"><strong>desexenterado@gmail.com @desexenterado&nbsp;<\/strong><\/p>\n","protected":false},"excerpt":{"rendered":"<p>AVISO, PARA LOS QUE GUSTAN DE ESTOS ASUNTOS. \u2013 La columna que usted lee empezar\u00e1 a publicarse \u00fanicamente los d\u00edas LUNES, MI\u00c9RCOLES y VIERNES. De tal modo que nos tomaremos los MARTES y JUEVES, para recabar todos los trascendidos, chismes si usted quiere, versiones no confirmadas, opiniones de \u201cobservadores\u201d, filtraciones, etc\u00e9tera, etc\u00e9tera y etc\u00e9tera. Eso [&hellip;]<\/p>\n","protected":false},"author":93,"featured_media":234681,"comment_status":"closed","ping_status":"closed","sticky":false,"template":"","format":"standard","meta":{"footnotes":""},"categories":[83],"tags":[],"class_list":["post-245725","post","type-post","status-publish","format-standard","has-post-thumbnail","hentry","category-dese-por-enterado"],"_links":{"self":[{"href":"https:\/\/plazajuarez.mx\/historico\/wp-json\/wp\/v2\/posts\/245725","targetHints":{"allow":["GET"]}}],"collection":[{"href":"https:\/\/plazajuarez.mx\/historico\/wp-json\/wp\/v2\/posts"}],"about":[{"href":"https:\/\/plazajuarez.mx\/historico\/wp-json\/wp\/v2\/types\/post"}],"author":[{"embeddable":true,"href":"https:\/\/plazajuarez.mx\/historico\/wp-json\/wp\/v2\/users\/93"}],"replies":[{"embeddable":true,"href":"https:\/\/plazajuarez.mx\/historico\/wp-json\/wp\/v2\/comments?post=245725"}],"version-history":[{"count":0,"href":"https:\/\/plazajuarez.mx\/historico\/wp-json\/wp\/v2\/posts\/245725\/revisions"}],"wp:featuredmedia":[{"embeddable":true,"href":"https:\/\/plazajuarez.mx\/historico\/wp-json\/wp\/v2\/media\/234681"}],"wp:attachment":[{"href":"https:\/\/plazajuarez.mx\/historico\/wp-json\/wp\/v2\/media?parent=245725"}],"wp:term":[{"taxonomy":"category","embeddable":true,"href":"https:\/\/plazajuarez.mx\/historico\/wp-json\/wp\/v2\/categories?post=245725"},{"taxonomy":"post_tag","embeddable":true,"href":"https:\/\/plazajuarez.mx\/historico\/wp-json\/wp\/v2\/tags?post=245725"}],"curies":[{"name":"wp","href":"https:\/\/api.w.org\/{rel}","templated":true}]}}