{"id":245645,"date":"2023-01-10T09:58:00","date_gmt":"2023-01-10T15:58:00","guid":{"rendered":"https:\/\/plazajuarez.mx\/?p=245645"},"modified":"2023-01-10T13:00:44","modified_gmt":"2023-01-10T19:00:44","slug":"muere-a-los-84-anos-el-poeta-y-ensayista-charles-simic","status":"publish","type":"post","link":"https:\/\/plazajuarez.mx\/historico\/muere-a-los-84-anos-el-poeta-y-ensayista-charles-simic\/","title":{"rendered":"Muere a los 84 a\u00f1os el poeta y ensayista Charles Simic"},"content":{"rendered":"\n<p class=\"wp-block-paragraph\">Charles Simic, el poeta serbio-estadounidense que en 1990 recibi\u00f3 el Premio Pulitzer de Poes\u00eda por &#8220;El mundo no se acaba&#8221;, y quien se\u00f1alara: &#8220;Para m\u00ed las palabras y las p\u00e1ginas rodeadas por espacios en blanco son el tema. El poema es esa cosa ah\u00ed dentro&#8221;, muri\u00f3 este lunes a los 84 a\u00f1os de edad, dejando una importante obra po\u00e9tica y ensay\u00edstica.<\/p>\n\n\n\n<p class=\"wp-block-paragraph\">En M\u00e9xico, la Feria Internacional del Libro de Guadalajara, a trav\u00e9s de sus redes sociales se\u00f1al\u00f3: &#8220;Lamentamos el sensible fallecimiento del poeta Charles Simic. Compartimos la pena de su irreparable partida con su familia, sus amistades y sus lectores. Descanse en paz&#8221;.<\/p>\n","protected":false},"excerpt":{"rendered":"<p>Charles Simic, el poeta serbio-estadounidense que en 1990 recibi\u00f3 el Premio Pulitzer de Poes\u00eda por &#8220;El mundo no se acaba&#8221;, y quien se\u00f1alara: &#8220;Para m\u00ed las palabras y las p\u00e1ginas rodeadas por espacios en blanco son el tema. El poema es esa cosa ah\u00ed dentro&#8221;, muri\u00f3 este lunes a los 84 a\u00f1os de edad, dejando [&hellip;]<\/p>\n","protected":false},"author":81,"featured_media":245647,"comment_status":"closed","ping_status":"closed","sticky":false,"template":"","format":"standard","meta":{"footnotes":""},"categories":[41],"tags":[],"class_list":["post-245645","post","type-post","status-publish","format-standard","has-post-thumbnail","hentry","category-arteria-cultural"],"_links":{"self":[{"href":"https:\/\/plazajuarez.mx\/historico\/wp-json\/wp\/v2\/posts\/245645","targetHints":{"allow":["GET"]}}],"collection":[{"href":"https:\/\/plazajuarez.mx\/historico\/wp-json\/wp\/v2\/posts"}],"about":[{"href":"https:\/\/plazajuarez.mx\/historico\/wp-json\/wp\/v2\/types\/post"}],"author":[{"embeddable":true,"href":"https:\/\/plazajuarez.mx\/historico\/wp-json\/wp\/v2\/users\/81"}],"replies":[{"embeddable":true,"href":"https:\/\/plazajuarez.mx\/historico\/wp-json\/wp\/v2\/comments?post=245645"}],"version-history":[{"count":0,"href":"https:\/\/plazajuarez.mx\/historico\/wp-json\/wp\/v2\/posts\/245645\/revisions"}],"wp:featuredmedia":[{"embeddable":true,"href":"https:\/\/plazajuarez.mx\/historico\/wp-json\/wp\/v2\/media\/245647"}],"wp:attachment":[{"href":"https:\/\/plazajuarez.mx\/historico\/wp-json\/wp\/v2\/media?parent=245645"}],"wp:term":[{"taxonomy":"category","embeddable":true,"href":"https:\/\/plazajuarez.mx\/historico\/wp-json\/wp\/v2\/categories?post=245645"},{"taxonomy":"post_tag","embeddable":true,"href":"https:\/\/plazajuarez.mx\/historico\/wp-json\/wp\/v2\/tags?post=245645"}],"curies":[{"name":"wp","href":"https:\/\/api.w.org\/{rel}","templated":true}]}}