{"id":245592,"date":"2023-01-10T08:10:00","date_gmt":"2023-01-10T14:10:00","guid":{"rendered":"https:\/\/plazajuarez.mx\/?p=245592"},"modified":"2023-01-10T08:41:58","modified_gmt":"2023-01-10T14:41:58","slug":"inicia-la-campana-mi-credencial-para-funcionarios-estatales","status":"publish","type":"post","link":"https:\/\/plazajuarez.mx\/historico\/inicia-la-campana-mi-credencial-para-funcionarios-estatales\/","title":{"rendered":"Inicia la campa\u00f1a \u201cMi credencial\u201d para funcionarios estatales\u00a0"},"content":{"rendered":"\n<p class=\"wp-block-paragraph\">A partir de esta semana inicia el proceso de credencializaci\u00f3n para las y los trabajadores de Gobierno en el Estado de Hidalgo, as\u00ed lo dio a conocer el mandatario Julio Menchaca Salazar, quien destac\u00f3 que gracias a la Oficial\u00eda Mayor, cerca de 35 mil bur\u00f3cratas contar\u00e1n con esta nueva identificaci\u00f3n.<\/p>\n\n\n\n<p class=\"wp-block-paragraph\">\u201cComo en toda instituci\u00f3n requerimos contar con un instrumento de identificaci\u00f3n para cada persona que aqu\u00ed labora, pues con ello fortalecemos los mecanismos de organizaci\u00f3n y control del Ejecutivo Estatal\u201d, puntualiz\u00f3.&nbsp;<\/p>\n\n\n\n<p class=\"wp-block-paragraph\">Explic\u00f3 que la emisi\u00f3n de la credencial va acompa\u00f1ada del desarrollo de una aplicaci\u00f3n m\u00f3vil que permitir\u00e1 generar contacto directo con las y los servidores p\u00fablicos, pues a trav\u00e9s de \u00e9sta, podr\u00e1n consultar avisos o comunicados, revisar su control de asistencias y lo m\u00e1s importante, el acceso a descuentos y beneficios con distintas instituciones.&nbsp;<\/p>\n\n\n\n<p class=\"wp-block-paragraph\">\u201cEl Gobierno de Hidalgo forma parte de cerca de 200 convenios con empresas, establecimientos y, sobre todo, con instituciones educativas y de salud que brindan becas o descuentos a las y los servidores p\u00fablicos\u201d, a\u00f1adi\u00f3.&nbsp;<\/p>\n\n\n\n<p class=\"wp-block-paragraph\">Menchaca Salazar adelant\u00f3 que este 2023 se fortalecer\u00e1n los trabajos que permitan cambiar la realidad a la que se enfrentan los sectores m\u00e1s desprotegidos de la entidad, adem\u00e1s, de que en breve se dar\u00e1 a conocer el Plan Estatal de Desarrollo 2022-2028.<\/p>\n","protected":false},"excerpt":{"rendered":"<p>A partir de esta semana inicia el proceso de credencializaci\u00f3n para las y los trabajadores de Gobierno en el Estado de Hidalgo, as\u00ed lo dio a conocer el mandatario Julio Menchaca Salazar, quien destac\u00f3 que gracias a la Oficial\u00eda Mayor, cerca de 35 mil bur\u00f3cratas contar\u00e1n con esta nueva identificaci\u00f3n. \u201cComo en toda instituci\u00f3n requerimos [&hellip;]<\/p>\n","protected":false},"author":93,"featured_media":245593,"comment_status":"closed","ping_status":"closed","sticky":false,"template":"","format":"standard","meta":{"footnotes":""},"categories":[15,59,2159],"tags":[],"class_list":["post-245592","post","type-post","status-publish","format-standard","has-post-thumbnail","hentry","category-destacadas","category-general","category-noticias-de-hidalgo"],"_links":{"self":[{"href":"https:\/\/plazajuarez.mx\/historico\/wp-json\/wp\/v2\/posts\/245592","targetHints":{"allow":["GET"]}}],"collection":[{"href":"https:\/\/plazajuarez.mx\/historico\/wp-json\/wp\/v2\/posts"}],"about":[{"href":"https:\/\/plazajuarez.mx\/historico\/wp-json\/wp\/v2\/types\/post"}],"author":[{"embeddable":true,"href":"https:\/\/plazajuarez.mx\/historico\/wp-json\/wp\/v2\/users\/93"}],"replies":[{"embeddable":true,"href":"https:\/\/plazajuarez.mx\/historico\/wp-json\/wp\/v2\/comments?post=245592"}],"version-history":[{"count":0,"href":"https:\/\/plazajuarez.mx\/historico\/wp-json\/wp\/v2\/posts\/245592\/revisions"}],"wp:featuredmedia":[{"embeddable":true,"href":"https:\/\/plazajuarez.mx\/historico\/wp-json\/wp\/v2\/media\/245593"}],"wp:attachment":[{"href":"https:\/\/plazajuarez.mx\/historico\/wp-json\/wp\/v2\/media?parent=245592"}],"wp:term":[{"taxonomy":"category","embeddable":true,"href":"https:\/\/plazajuarez.mx\/historico\/wp-json\/wp\/v2\/categories?post=245592"},{"taxonomy":"post_tag","embeddable":true,"href":"https:\/\/plazajuarez.mx\/historico\/wp-json\/wp\/v2\/tags?post=245592"}],"curies":[{"name":"wp","href":"https:\/\/api.w.org\/{rel}","templated":true}]}}