{"id":245576,"date":"2023-01-10T08:35:15","date_gmt":"2023-01-10T14:35:15","guid":{"rendered":"https:\/\/plazajuarez.mx\/?p=245576"},"modified":"2023-01-10T08:35:20","modified_gmt":"2023-01-10T14:35:20","slug":"esta-listo-el-programa-de-atencion-psicologica-para-jovenes","status":"publish","type":"post","link":"https:\/\/plazajuarez.mx\/historico\/esta-listo-el-programa-de-atencion-psicologica-para-jovenes\/","title":{"rendered":"Est\u00e1 listo el programa de atenci\u00f3n psicol\u00f3gica para j\u00f3venes"},"content":{"rendered":"\n<p class=\"wp-block-paragraph\">La presidencia municipal de Pachuca, a trav\u00e9s del Instituto Municipal para la Juventud de la ciudad capital, pone en marcha el programa de atenci\u00f3n psicol\u00f3gica, dirigida para j\u00f3venes.<\/p>\n\n\n\n<p class=\"wp-block-paragraph\">Lo anterior, con la finalidad que la juventud pachuque\u00f1a pueda desarrollar todas sus capacidades, por ello ponen a disposici\u00f3n el servicio psicol\u00f3gico para adolescentes y j\u00f3venes de 12 a 29 a\u00f1os de edad.<\/p>\n\n\n\n<p class=\"wp-block-paragraph\">Los interesados pueden agendar una cita al 771-244-79-38, recordando que la atenci\u00f3n es gratuita y confidencial, y en el caso de los menores de edad, el servicio se brindar\u00e1&nbsp; solo si est\u00e1n acompa\u00f1ados de un adulto.<\/p>\n\n\n\n<p class=\"wp-block-paragraph\">Es importante se\u00f1alar dentro de los requisitos para la atenci\u00f3n: CURP, identificaci\u00f3n oficial, comprobante de domicilio y certificado de vacunaci\u00f3n COVID-19.<\/p>\n\n\n\n<p class=\"wp-block-paragraph\">Para el caso de los menores de edad, se agrega la identificaci\u00f3n escolar o acta de nacimiento, y la identificaci\u00f3n del padre, madre o tutor.<\/p>\n","protected":false},"excerpt":{"rendered":"<p>La presidencia municipal de Pachuca, a trav\u00e9s del Instituto Municipal para la Juventud de la ciudad capital, pone en marcha el programa de atenci\u00f3n psicol\u00f3gica, dirigida para j\u00f3venes. Lo anterior, con la finalidad que la juventud pachuque\u00f1a pueda desarrollar todas sus capacidades, por ello ponen a disposici\u00f3n el servicio psicol\u00f3gico para adolescentes y j\u00f3venes de [&hellip;]<\/p>\n","protected":false},"author":73,"featured_media":245577,"comment_status":"closed","ping_status":"closed","sticky":false,"template":"","format":"standard","meta":{"footnotes":""},"categories":[59,2159],"tags":[],"class_list":["post-245576","post","type-post","status-publish","format-standard","has-post-thumbnail","hentry","category-general","category-noticias-de-hidalgo"],"_links":{"self":[{"href":"https:\/\/plazajuarez.mx\/historico\/wp-json\/wp\/v2\/posts\/245576","targetHints":{"allow":["GET"]}}],"collection":[{"href":"https:\/\/plazajuarez.mx\/historico\/wp-json\/wp\/v2\/posts"}],"about":[{"href":"https:\/\/plazajuarez.mx\/historico\/wp-json\/wp\/v2\/types\/post"}],"author":[{"embeddable":true,"href":"https:\/\/plazajuarez.mx\/historico\/wp-json\/wp\/v2\/users\/73"}],"replies":[{"embeddable":true,"href":"https:\/\/plazajuarez.mx\/historico\/wp-json\/wp\/v2\/comments?post=245576"}],"version-history":[{"count":0,"href":"https:\/\/plazajuarez.mx\/historico\/wp-json\/wp\/v2\/posts\/245576\/revisions"}],"wp:featuredmedia":[{"embeddable":true,"href":"https:\/\/plazajuarez.mx\/historico\/wp-json\/wp\/v2\/media\/245577"}],"wp:attachment":[{"href":"https:\/\/plazajuarez.mx\/historico\/wp-json\/wp\/v2\/media?parent=245576"}],"wp:term":[{"taxonomy":"category","embeddable":true,"href":"https:\/\/plazajuarez.mx\/historico\/wp-json\/wp\/v2\/categories?post=245576"},{"taxonomy":"post_tag","embeddable":true,"href":"https:\/\/plazajuarez.mx\/historico\/wp-json\/wp\/v2\/tags?post=245576"}],"curies":[{"name":"wp","href":"https:\/\/api.w.org\/{rel}","templated":true}]}}