{"id":245557,"date":"2023-01-10T08:24:50","date_gmt":"2023-01-10T14:24:50","guid":{"rendered":"https:\/\/plazajuarez.mx\/?p=245557"},"modified":"2023-01-10T08:25:02","modified_gmt":"2023-01-10T14:25:02","slug":"dese-por-enterado-1072","status":"publish","type":"post","link":"https:\/\/plazajuarez.mx\/historico\/dese-por-enterado-1072\/","title":{"rendered":"DESE POR ENTERADO"},"content":{"rendered":"\n<p class=\"wp-block-paragraph\"><strong>\u00bfY QUI\u00c9N PROTESTA POR EL TAXISTA QUE MURI\u00d3 CALCINADO?<\/strong> \u2013 \u201c<strong>Cipriano Charrez<\/strong> es inocente, y se trata de un preso pol\u00edtico\u201d, gritan las personas tra\u00eddas del Mezquital, quienes muy al estilo de lo que fue Antorcha Campesina, ya se instalaron a las puertas de Palacio de Gobierno para exigir al <strong>Gobernador Menchaca<\/strong>, no pedir, sea liberado el pr\u00f3cer que asesin\u00f3 a un pobre taxista que se cruz\u00f3 en su camino cuando era diputado federal de Morena. Lo que no saben estos personajes, es que si alguien tiene como gu\u00eda respetar las determinaciones de cada poder es precisamente el primer mandatario hidalguense, y por ning\u00fan motivo, mucho menos por las grillas de la gente de Cipriano, pensar\u00eda siquiera en ordenar la inmediata liberaci\u00f3n del sujeto se\u00f1alado.<\/p>\n\n\n\n<figure class=\"wp-block-image size-full\"><img loading=\"lazy\" decoding=\"async\" width=\"900\" height=\"600\" src=\"https:\/\/plazajuarez.mx\/historico\/historico\/wp-content\/uploads\/2023\/01\/\u00bfY-QUIE\u0301N-PROTESTA-POR-EL-TAXISTA-QUE-MURIO\u0301-CALCINADO_-\u2013Cortesi\u0301a-.jpeg\" alt=\"\" class=\"wp-image-245558\" srcset=\"https:\/\/plazajuarez.mx\/historico\/wp-content\/uploads\/2023\/01\/\u00bfY-QUIE\u0301N-PROTESTA-POR-EL-TAXISTA-QUE-MURIO\u0301-CALCINADO_-\u2013Cortesi\u0301a-.jpeg 900w, https:\/\/plazajuarez.mx\/historico\/wp-content\/uploads\/2023\/01\/\u00bfY-QUIE\u0301N-PROTESTA-POR-EL-TAXISTA-QUE-MURIO\u0301-CALCINADO_-\u2013Cortesi\u0301a--768x512.jpeg 768w, https:\/\/plazajuarez.mx\/historico\/wp-content\/uploads\/2023\/01\/\u00bfY-QUIE\u0301N-PROTESTA-POR-EL-TAXISTA-QUE-MURIO\u0301-CALCINADO_-\u2013Cortesi\u0301a--274x183.jpeg 274w, https:\/\/plazajuarez.mx\/historico\/wp-content\/uploads\/2023\/01\/\u00bfY-QUIE\u0301N-PROTESTA-POR-EL-TAXISTA-QUE-MURIO\u0301-CALCINADO_-\u2013Cortesi\u0301a--80x54.jpeg 80w, https:\/\/plazajuarez.mx\/historico\/wp-content\/uploads\/2023\/01\/\u00bfY-QUIE\u0301N-PROTESTA-POR-EL-TAXISTA-QUE-MURIO\u0301-CALCINADO_-\u2013Cortesi\u0301a--130x87.jpeg 130w, https:\/\/plazajuarez.mx\/historico\/wp-content\/uploads\/2023\/01\/\u00bfY-QUIE\u0301N-PROTESTA-POR-EL-TAXISTA-QUE-MURIO\u0301-CALCINADO_-\u2013Cortesi\u0301a--359x240.jpeg 359w, https:\/\/plazajuarez.mx\/historico\/wp-content\/uploads\/2023\/01\/\u00bfY-QUIE\u0301N-PROTESTA-POR-EL-TAXISTA-QUE-MURIO\u0301-CALCINADO_-\u2013Cortesi\u0301a--85x57.jpeg 85w, https:\/\/plazajuarez.mx\/historico\/wp-content\/uploads\/2023\/01\/\u00bfY-QUIE\u0301N-PROTESTA-POR-EL-TAXISTA-QUE-MURIO\u0301-CALCINADO_-\u2013Cortesi\u0301a--546x365.jpeg 546w, https:\/\/plazajuarez.mx\/historico\/wp-content\/uploads\/2023\/01\/\u00bfY-QUIE\u0301N-PROTESTA-POR-EL-TAXISTA-QUE-MURIO\u0301-CALCINADO_-\u2013Cortesi\u0301a--165x109.jpeg 165w, https:\/\/plazajuarez.mx\/historico\/wp-content\/uploads\/2023\/01\/\u00bfY-QUIE\u0301N-PROTESTA-POR-EL-TAXISTA-QUE-MURIO\u0301-CALCINADO_-\u2013Cortesi\u0301a--112x75.jpeg 112w, https:\/\/plazajuarez.mx\/historico\/wp-content\/uploads\/2023\/01\/\u00bfY-QUIE\u0301N-PROTESTA-POR-EL-TAXISTA-QUE-MURIO\u0301-CALCINADO_-\u2013Cortesi\u0301a--179x120.jpeg 179w, https:\/\/plazajuarez.mx\/historico\/wp-content\/uploads\/2023\/01\/\u00bfY-QUIE\u0301N-PROTESTA-POR-EL-TAXISTA-QUE-MURIO\u0301-CALCINADO_-\u2013Cortesi\u0301a--170x113.jpeg 170w, https:\/\/plazajuarez.mx\/historico\/wp-content\/uploads\/2023\/01\/\u00bfY-QUIE\u0301N-PROTESTA-POR-EL-TAXISTA-QUE-MURIO\u0301-CALCINADO_-\u2013Cortesi\u0301a--81x55.jpeg 81w, https:\/\/plazajuarez.mx\/historico\/wp-content\/uploads\/2023\/01\/\u00bfY-QUIE\u0301N-PROTESTA-POR-EL-TAXISTA-QUE-MURIO\u0301-CALCINADO_-\u2013Cortesi\u0301a--765x510.jpeg 765w\" sizes=\"auto, (max-width: 900px) 100vw, 900px\" \/><\/figure>\n\n\n\n<p class=\"wp-block-paragraph\"><strong>POR CIERTO, \u00bfQU\u00c9 ES DE LOS ANTORCHISTAS?<\/strong> \u2013 Pues ya que vieron que el negocio se hab\u00eda terminado, su dirigente, esa que gustaba de entrar a Plaza Galer\u00edas y salir con decenas de bolsas de Liverpool y las tiendas que hay en el lugar, por supuesto cargadas por su chofer, ya le baj\u00f3 al asunto y no amenaza con traer cientos de miles de seguidores para exigir obras y dinero. Dicho sea de paso, nunca cumplieron su amenaza, porque ya en serio, los que la segu\u00edan no pasaban ni de dos mil, o menos. Vaya pues que, para bien de todos, estos agitadores profesionales (es decir, que cobraban por todo) ya son cosa del olvido. \u00a1Qu\u00e9 as\u00ed sea!<\/p>\n\n\n\n<figure class=\"wp-block-image size-full\"><img loading=\"lazy\" decoding=\"async\" width=\"1024\" height=\"576\" src=\"https:\/\/plazajuarez.mx\/historico\/historico\/wp-content\/uploads\/2023\/01\/POR-CIERTO-\u00bfQUE\u0301-ES-DE-LOS-ANTORCHISTAS_-\u2013-Especial-.jpeg\" alt=\"\" class=\"wp-image-245559\" srcset=\"https:\/\/plazajuarez.mx\/historico\/wp-content\/uploads\/2023\/01\/POR-CIERTO-\u00bfQUE\u0301-ES-DE-LOS-ANTORCHISTAS_-\u2013-Especial-.jpeg 1024w, https:\/\/plazajuarez.mx\/historico\/wp-content\/uploads\/2023\/01\/POR-CIERTO-\u00bfQUE\u0301-ES-DE-LOS-ANTORCHISTAS_-\u2013-Especial--768x432.jpeg 768w\" sizes=\"auto, (max-width: 1024px) 100vw, 1024px\" \/><\/figure>\n\n\n\n<p class=\"wp-block-paragraph\"><strong>ALAN AUSTRIA, YA QUE LO DEJEN TRABAJAR<\/strong>. \u2013 Joven, preparado, fogueado en las cadenas de televisi\u00f3n nacional y extranjera de m\u00e1s prestigio, <strong>Alan Austria<\/strong>, director general de Radio y Televisi\u00f3n de Hidalgo, empieza a resentir complicaciones con directivos que simplemente le pusieron, y que de buenas a primeras ya lo ven con ojos torvos porque, resulta, no le reconocen autoridad de ning\u00fan tipo. Y as\u00ed, pues no se puede, porque nom\u00e1s no hay para d\u00f3nde caminar si le ponen el pie cuando apenas est\u00e1 por arrancar nuevas programaciones. M\u00e1s lealtad y menos protagonismos, se\u00f1ores.<\/p>\n\n\n\n<figure class=\"wp-block-image size-full\"><img loading=\"lazy\" decoding=\"async\" width=\"854\" height=\"853\" src=\"https:\/\/plazajuarez.mx\/historico\/historico\/wp-content\/uploads\/2023\/01\/ALAN-AUSTRIA-YA-QUE-LO-DEJEN-TRABAJAR.-\u2013Cortesi\u0301a-.jpg\" alt=\"\" class=\"wp-image-245560\" srcset=\"https:\/\/plazajuarez.mx\/historico\/wp-content\/uploads\/2023\/01\/ALAN-AUSTRIA-YA-QUE-LO-DEJEN-TRABAJAR.-\u2013Cortesi\u0301a-.jpg 854w, https:\/\/plazajuarez.mx\/historico\/wp-content\/uploads\/2023\/01\/ALAN-AUSTRIA-YA-QUE-LO-DEJEN-TRABAJAR.-\u2013Cortesi\u0301a--768x767.jpg 768w, https:\/\/plazajuarez.mx\/historico\/wp-content\/uploads\/2023\/01\/ALAN-AUSTRIA-YA-QUE-LO-DEJEN-TRABAJAR.-\u2013Cortesi\u0301a--36x36.jpg 36w\" sizes=\"auto, (max-width: 854px) 100vw, 854px\" \/><\/figure>\n\n\n\n<p class=\"wp-block-paragraph\"><strong>HOSPITAL GENERAL, YA MERO ABRE SUS PUERTAS.<\/strong> \u2013 Construido en tiempo r\u00e9cord, el nuevo Hospital General de la capital hidalguense, muy pronto entrar\u00e1 en funcionamiento, ya terminados todos los arreglos que se le hicieron, pero que de ning\u00fan modo esto implicara que se iba a caer, como en un principio se lleg\u00f3 a decir. S\u00ed, como toda construcci\u00f3n ten\u00eda problemas con los servicios de agua y electricidad, pero sin que esto significara de plano quitar todo el cableado y tuber\u00edas. Ahora que, si de verdad encuentran que hay problemas de un nivel preocupante, pues se debe actuar con todo el peso de la ley. Pero, todo indica, que no fue as\u00ed.<\/p>\n\n\n\n<figure class=\"wp-block-image size-full\"><img loading=\"lazy\" decoding=\"async\" width=\"1024\" height=\"683\" src=\"https:\/\/plazajuarez.mx\/historico\/historico\/wp-content\/uploads\/2023\/01\/HOSPITAL-GENERAL-YA-MERO-ABRE-SUS-PUERTAS.-\u2013-Cortesi\u0301a-.jpg\" alt=\"\" class=\"wp-image-245561\" srcset=\"https:\/\/plazajuarez.mx\/historico\/wp-content\/uploads\/2023\/01\/HOSPITAL-GENERAL-YA-MERO-ABRE-SUS-PUERTAS.-\u2013-Cortesi\u0301a-.jpg 1024w, https:\/\/plazajuarez.mx\/historico\/wp-content\/uploads\/2023\/01\/HOSPITAL-GENERAL-YA-MERO-ABRE-SUS-PUERTAS.-\u2013-Cortesi\u0301a--768x512.jpg 768w, https:\/\/plazajuarez.mx\/historico\/wp-content\/uploads\/2023\/01\/HOSPITAL-GENERAL-YA-MERO-ABRE-SUS-PUERTAS.-\u2013-Cortesi\u0301a--274x183.jpg 274w, https:\/\/plazajuarez.mx\/historico\/wp-content\/uploads\/2023\/01\/HOSPITAL-GENERAL-YA-MERO-ABRE-SUS-PUERTAS.-\u2013-Cortesi\u0301a--80x54.jpg 80w, https:\/\/plazajuarez.mx\/historico\/wp-content\/uploads\/2023\/01\/HOSPITAL-GENERAL-YA-MERO-ABRE-SUS-PUERTAS.-\u2013-Cortesi\u0301a--130x87.jpg 130w, https:\/\/plazajuarez.mx\/historico\/wp-content\/uploads\/2023\/01\/HOSPITAL-GENERAL-YA-MERO-ABRE-SUS-PUERTAS.-\u2013-Cortesi\u0301a--359x240.jpg 359w, https:\/\/plazajuarez.mx\/historico\/wp-content\/uploads\/2023\/01\/HOSPITAL-GENERAL-YA-MERO-ABRE-SUS-PUERTAS.-\u2013-Cortesi\u0301a--85x57.jpg 85w, https:\/\/plazajuarez.mx\/historico\/wp-content\/uploads\/2023\/01\/HOSPITAL-GENERAL-YA-MERO-ABRE-SUS-PUERTAS.-\u2013-Cortesi\u0301a--546x365.jpg 546w, https:\/\/plazajuarez.mx\/historico\/wp-content\/uploads\/2023\/01\/HOSPITAL-GENERAL-YA-MERO-ABRE-SUS-PUERTAS.-\u2013-Cortesi\u0301a--165x109.jpg 165w, https:\/\/plazajuarez.mx\/historico\/wp-content\/uploads\/2023\/01\/HOSPITAL-GENERAL-YA-MERO-ABRE-SUS-PUERTAS.-\u2013-Cortesi\u0301a--112x75.jpg 112w, https:\/\/plazajuarez.mx\/historico\/wp-content\/uploads\/2023\/01\/HOSPITAL-GENERAL-YA-MERO-ABRE-SUS-PUERTAS.-\u2013-Cortesi\u0301a--179x120.jpg 179w, https:\/\/plazajuarez.mx\/historico\/wp-content\/uploads\/2023\/01\/HOSPITAL-GENERAL-YA-MERO-ABRE-SUS-PUERTAS.-\u2013-Cortesi\u0301a--170x113.jpg 170w, https:\/\/plazajuarez.mx\/historico\/wp-content\/uploads\/2023\/01\/HOSPITAL-GENERAL-YA-MERO-ABRE-SUS-PUERTAS.-\u2013-Cortesi\u0301a--81x55.jpg 81w, https:\/\/plazajuarez.mx\/historico\/wp-content\/uploads\/2023\/01\/HOSPITAL-GENERAL-YA-MERO-ABRE-SUS-PUERTAS.-\u2013-Cortesi\u0301a--765x510.jpg 765w\" sizes=\"auto, (max-width: 1024px) 100vw, 1024px\" \/><\/figure>\n\n\n\n<p class=\"wp-block-paragraph\"><strong>Aviso para que no digan: Esta columna se nutre de comentarios recabados por agencias del Recontra-Espionaje, muy similares a las que populariz\u00f3 el \u201cS\u00faper Agente 86\u201d en sus tiempos. Como tal lo que publicamos puede que sea cierto, puede que no, o todo lo contrario. Est\u00e1 usted en libertad de creer o no lo que lee, recontra-enojarse, recontra- carcajearse y hasta recontra-recordarnos a nuestra jefecita (nosotros recontra-haremos lo propio). Avisado est\u00e1 usted.&nbsp;<\/strong><\/p>\n\n\n\n<p class=\"wp-block-paragraph\"><strong>desexenterado@gmail.com @desexenterado&nbsp;<\/strong><\/p>\n","protected":false},"excerpt":{"rendered":"<p>\u00bfY QUI\u00c9N PROTESTA POR EL TAXISTA QUE MURI\u00d3 CALCINADO? \u2013 \u201cCipriano Charrez es inocente, y se trata de un preso pol\u00edtico\u201d, gritan las personas tra\u00eddas del Mezquital, quienes muy al estilo de lo que fue Antorcha Campesina, ya se instalaron a las puertas de Palacio de Gobierno para exigir al Gobernador Menchaca, no pedir, sea [&hellip;]<\/p>\n","protected":false},"author":93,"featured_media":234681,"comment_status":"closed","ping_status":"closed","sticky":false,"template":"","format":"standard","meta":{"footnotes":""},"categories":[83],"tags":[],"class_list":["post-245557","post","type-post","status-publish","format-standard","has-post-thumbnail","hentry","category-dese-por-enterado"],"_links":{"self":[{"href":"https:\/\/plazajuarez.mx\/historico\/wp-json\/wp\/v2\/posts\/245557","targetHints":{"allow":["GET"]}}],"collection":[{"href":"https:\/\/plazajuarez.mx\/historico\/wp-json\/wp\/v2\/posts"}],"about":[{"href":"https:\/\/plazajuarez.mx\/historico\/wp-json\/wp\/v2\/types\/post"}],"author":[{"embeddable":true,"href":"https:\/\/plazajuarez.mx\/historico\/wp-json\/wp\/v2\/users\/93"}],"replies":[{"embeddable":true,"href":"https:\/\/plazajuarez.mx\/historico\/wp-json\/wp\/v2\/comments?post=245557"}],"version-history":[{"count":0,"href":"https:\/\/plazajuarez.mx\/historico\/wp-json\/wp\/v2\/posts\/245557\/revisions"}],"wp:featuredmedia":[{"embeddable":true,"href":"https:\/\/plazajuarez.mx\/historico\/wp-json\/wp\/v2\/media\/234681"}],"wp:attachment":[{"href":"https:\/\/plazajuarez.mx\/historico\/wp-json\/wp\/v2\/media?parent=245557"}],"wp:term":[{"taxonomy":"category","embeddable":true,"href":"https:\/\/plazajuarez.mx\/historico\/wp-json\/wp\/v2\/categories?post=245557"},{"taxonomy":"post_tag","embeddable":true,"href":"https:\/\/plazajuarez.mx\/historico\/wp-json\/wp\/v2\/tags?post=245557"}],"curies":[{"name":"wp","href":"https:\/\/api.w.org\/{rel}","templated":true}]}}