{"id":24553,"date":"2016-07-11T11:42:51","date_gmt":"2016-07-11T11:42:51","guid":{"rendered":"http:\/\/plazajuarez.mx\/index\/index.php\/2016\/07\/11\/gamboa-respalda-a-ochoa-reza-como-opcion-para-revitalizar-al-pri\/"},"modified":"2016-07-11T11:42:51","modified_gmt":"2016-07-11T11:42:51","slug":"gamboa-respalda-a-ochoa-reza-como-opcion-para-revitalizar-al-pri","status":"publish","type":"post","link":"https:\/\/plazajuarez.mx\/historico\/gamboa-respalda-a-ochoa-reza-como-opcion-para-revitalizar-al-pri\/","title":{"rendered":"GAMBOA RESPALDA A OCHOA REZA COMO OPCI\u00d3N PARA &#8220;REVITALIZAR&#8221; AL PRI"},"content":{"rendered":"<p style=\"text-align: justify;\">\u201cREPRESENTA LA MEJOR OPCI\u00d3N\u201d <br \/>\u25cf\u00a0\u00a0\u00a0 &#8220;Nuestro compa\u00f1ero Ochoa es bien visto, reconocido por militantes y organizaciones partidistas. Adem\u00e1s, posee las cualidades para que \u2013si as\u00ed lo decide el Consejo Pol\u00edtico Nacional del PRI\u2013 ocupe el cargo de presidente del Comit\u00e9 Ejecutivo Nacional&#8221;, afirm\u00f3 el senador Gamboa<\/p>\n<p>  <!--more-->  <\/p>\n<p style=\"text-align: justify;\">CIUDAD DE M\u00c9XICO.- El coordinador del Partido Revolucionario Institucional (PRI) en el Senado, Emilio Gamboa Patr\u00f3n, respald\u00f3 al ex titular de Comisi\u00f3n Federal de Electricidad (CFE), Enrique Ochoa Reza, en su inter\u00e9s de presidir ese instituto pol\u00edtico, porque representa la mejor opci\u00f3n &#8220;para revitalizar al Revolucionario Institucional&#8221;.<br \/>&#8220;Nuestro compa\u00f1ero Ochoa es bien visto, reconocido por militantes y organizaciones partidistas. Adem\u00e1s, posee las cualidades para que \u2013si as\u00ed lo decide el Consejo Pol\u00edtico Nacional del PRI\u2013 ocupe el cargo de presidente del Comit\u00e9 Ejecutivo Nacional&#8221;, afirm\u00f3 el senador Gamboa.<br \/>Explic\u00f3 que desde muy joven Ochoa ha participado en diversas trincheras y actividades a trav\u00e9s de las cuales ha impulsado el proyecto de su partido.<br \/>&#8220;Ha destacado siempre por ser un militante que, con visi\u00f3n de futuro, contribuye al an\u00e1lisis y la definici\u00f3n de las posturas partidistas, frente a los grandes temas nacionales&#8221;, dijo.<br \/>Se\u00f1alado que en los \u00faltimos a\u00f1os Enrique Ochoa ha acompa\u00f1ado muy de cerca al Presidente Enrique Pe\u00f1a Nieto al dise\u00f1ar e instrumentar los principales aspectos de reformas, para transformar la vida de nuestra naci\u00f3n y de la sociedad mexicana en los pr\u00f3ximos a\u00f1os.<br \/>Por ello, afirm\u00f3 el coordinador del Grupo Parlamentario del PRI en el Senado, es momento de cerrar filas, de privilegiar la unidad en nuestro partido, para que Enrique Ochoa ocupe la presidencia del Comit\u00e9 Ejecutivo Nacional del PRI.<br \/>&#8220;La elecci\u00f3n de Enrique Ochoa ser\u00eda altamente positiva, pues nos permitir\u00e1 ver a un cuadro joven, serio, profesional, con una visi\u00f3n transformadora, clara y acorde a los tiempos que est\u00e1n por venir, dirigiendo la estrategia partidista de cara a las pr\u00f3ximas y trascendentes tareas del PRI&#8221;, expres\u00f3 el l\u00edder pri\u00edsta.<\/p>\n","protected":false},"excerpt":{"rendered":"<p>\u201cREPRESENTA LA MEJOR OPCI\u00d3N\u201d \u25cf\u00a0\u00a0\u00a0 &#8220;Nuestro compa\u00f1ero Ochoa es bien visto, reconocido por militantes y organizaciones partidistas. Adem\u00e1s, posee las cualidades para que \u2013si as\u00ed lo decide el Consejo Pol\u00edtico Nacional del PRI\u2013 ocupe el cargo de presidente del Comit\u00e9 Ejecutivo Nacional&#8221;, afirm\u00f3 el senador Gamboa<\/p>\n","protected":false},"author":93,"featured_media":0,"comment_status":"open","ping_status":"open","sticky":false,"template":"","format":"standard","meta":{"footnotes":""},"categories":[36],"tags":[],"class_list":["post-24553","post","type-post","status-publish","format-standard","hentry","category-nacion"],"_links":{"self":[{"href":"https:\/\/plazajuarez.mx\/historico\/wp-json\/wp\/v2\/posts\/24553","targetHints":{"allow":["GET"]}}],"collection":[{"href":"https:\/\/plazajuarez.mx\/historico\/wp-json\/wp\/v2\/posts"}],"about":[{"href":"https:\/\/plazajuarez.mx\/historico\/wp-json\/wp\/v2\/types\/post"}],"author":[{"embeddable":true,"href":"https:\/\/plazajuarez.mx\/historico\/wp-json\/wp\/v2\/users\/93"}],"replies":[{"embeddable":true,"href":"https:\/\/plazajuarez.mx\/historico\/wp-json\/wp\/v2\/comments?post=24553"}],"version-history":[{"count":0,"href":"https:\/\/plazajuarez.mx\/historico\/wp-json\/wp\/v2\/posts\/24553\/revisions"}],"wp:attachment":[{"href":"https:\/\/plazajuarez.mx\/historico\/wp-json\/wp\/v2\/media?parent=24553"}],"wp:term":[{"taxonomy":"category","embeddable":true,"href":"https:\/\/plazajuarez.mx\/historico\/wp-json\/wp\/v2\/categories?post=24553"},{"taxonomy":"post_tag","embeddable":true,"href":"https:\/\/plazajuarez.mx\/historico\/wp-json\/wp\/v2\/tags?post=24553"}],"curies":[{"name":"wp","href":"https:\/\/api.w.org\/{rel}","templated":true}]}}