{"id":24551,"date":"2016-07-11T11:41:53","date_gmt":"2016-07-11T11:41:53","guid":{"rendered":"http:\/\/plazajuarez.mx\/index\/index.php\/2016\/07\/11\/mayor-tolerancia-entre-policia-y-gente-obama\/"},"modified":"2016-07-11T11:41:53","modified_gmt":"2016-07-11T11:41:53","slug":"mayor-tolerancia-entre-policia-y-gente-obama","status":"publish","type":"post","link":"https:\/\/plazajuarez.mx\/historico\/mayor-tolerancia-entre-policia-y-gente-obama\/","title":{"rendered":"MAYOR TOLERANCIA ENTRE POLIC\u00cdA Y GENTE: OBAMA"},"content":{"rendered":"<p style=\"text-align: justify;\">MADRID, ESPA\u00d1A.- El presidente Barack Obama pidi\u00f3 el domingo respeto y moderaci\u00f3n a los estadounidenses airados por las muertes de hombres negros a manos de la polic\u00eda, y se\u00f1al\u00f3 que menos de eso &#8220;perjudica la causa&#8221; para eliminar los prejuicios raciales del sistema penal de justicia.<\/p>\n<p>  <!--more-->  <\/p>\n<p style=\"text-align: justify;\">Exhort\u00f3 tambi\u00e9n a las fuerzas policiales a que atiendan con seriedad las quejas de que algunos agentes han actuado de manera brusca e intolerante, en particular con las minor\u00edas.<\/p>\n<p>&#8220;Quisiera que todas las partes se escucharan mutuamente&#8221;, dijo Obama en respuesta a la pregunta de un periodista despu\u00e9s de reunirse con el jefe de gobierno interino Mariano Rajoy durante su abreviada primera visita a Espa\u00f1a como mandatario.<\/p>\n<p>El llamado de Obama para una mayor comprensi\u00f3n entre ambas partes del controvertido debate sobre las pr\u00e1cticas policiales sigui\u00f3 a un fin de semana con numerosos arrestos de personas en Louisiana y Minnesota que protestaban por las muertes ocurridas la semana anterior de hombres negros a manos de polic\u00edas blancos en ambos estados.<\/p>\n<p>A los fallecimientos de esos afroestadounidenses sigui\u00f3 el impactante ataque de un francotirador negro en Dallas el jueves en el que murieron cinco polic\u00edas y otros siete resultaron heridos mientras vigilaban una protesta pac\u00edfica por las muertes de ambos hombres previamente en la semana.<\/p>\n<p>En Louisiana, un destacado activista del movimiento Black Lives Matter (Las vidas de los negros importan) fue arrestado durante las protestas del s\u00e1bado por la noche en Baton Rouge, Louisiana.<\/p>\n<p>Obama, en sus declaraciones, exhort\u00f3 a los manifestantes a que reconozcan que los agentes cumplen un trabajo dif\u00edcil.<\/p>\n<p>&#8220;Siempre que alguno de nosotros a los que nos preocupan las fallas del sistema penal de justicia ataca a la polic\u00eda, est\u00e1 perjudicando a la causa&#8221;, se\u00f1al\u00f3 Obama.<\/p>\n","protected":false},"excerpt":{"rendered":"<p>MADRID, ESPA\u00d1A.- El presidente Barack Obama pidi\u00f3 el domingo respeto y moderaci\u00f3n a los estadounidenses airados por las muertes de hombres negros a manos de la polic\u00eda, y se\u00f1al\u00f3 que menos de eso &#8220;perjudica la causa&#8221; para eliminar los prejuicios raciales del sistema penal de justicia.<\/p>\n","protected":false},"author":93,"featured_media":0,"comment_status":"open","ping_status":"open","sticky":false,"template":"","format":"standard","meta":{"footnotes":""},"categories":[31],"tags":[],"class_list":["post-24551","post","type-post","status-publish","format-standard","hentry","category-orbe"],"_links":{"self":[{"href":"https:\/\/plazajuarez.mx\/historico\/wp-json\/wp\/v2\/posts\/24551","targetHints":{"allow":["GET"]}}],"collection":[{"href":"https:\/\/plazajuarez.mx\/historico\/wp-json\/wp\/v2\/posts"}],"about":[{"href":"https:\/\/plazajuarez.mx\/historico\/wp-json\/wp\/v2\/types\/post"}],"author":[{"embeddable":true,"href":"https:\/\/plazajuarez.mx\/historico\/wp-json\/wp\/v2\/users\/93"}],"replies":[{"embeddable":true,"href":"https:\/\/plazajuarez.mx\/historico\/wp-json\/wp\/v2\/comments?post=24551"}],"version-history":[{"count":0,"href":"https:\/\/plazajuarez.mx\/historico\/wp-json\/wp\/v2\/posts\/24551\/revisions"}],"wp:attachment":[{"href":"https:\/\/plazajuarez.mx\/historico\/wp-json\/wp\/v2\/media?parent=24551"}],"wp:term":[{"taxonomy":"category","embeddable":true,"href":"https:\/\/plazajuarez.mx\/historico\/wp-json\/wp\/v2\/categories?post=24551"},{"taxonomy":"post_tag","embeddable":true,"href":"https:\/\/plazajuarez.mx\/historico\/wp-json\/wp\/v2\/tags?post=24551"}],"curies":[{"name":"wp","href":"https:\/\/api.w.org\/{rel}","templated":true}]}}