{"id":245477,"date":"2023-01-09T10:31:00","date_gmt":"2023-01-09T16:31:00","guid":{"rendered":"https:\/\/plazajuarez.mx\/?p=245477"},"modified":"2023-01-09T11:34:01","modified_gmt":"2023-01-09T17:34:01","slug":"joe-biden-llega-a-mexico-para-la-cumbre-de-lideres-de-america","status":"publish","type":"post","link":"https:\/\/plazajuarez.mx\/historico\/joe-biden-llega-a-mexico-para-la-cumbre-de-lideres-de-america\/","title":{"rendered":"Joe Biden llega a M\u00e9xico para la Cumbre de L\u00edderes de Am\u00e9rica"},"content":{"rendered":"\n<p>Poco despu\u00e9s de las siete de la noche de ayer, aterriz\u00f3 en el Aeropuerto Felipe \u00c1ngeles el avi\u00f3n que transporta al presidente de Estados Unidos, Joe Biden.<\/p>\n\n\n\n<p>L\u00edderes de Am\u00e9rica del Norte. En estos d\u00edas M\u00e9xico tendr\u00e1 la visita del presidente de Estados Unidos, Joe Biden, y el primer ministro de Canad\u00e1, Justin Trudeau, los cuales ser\u00e1n recibidos por el presidente Andr\u00e9s Manuel L\u00f3pez Obrador.<\/p>\n\n\n\n<p><strong>Narcotr\u00e1fico, migraci\u00f3n y energ\u00eda en M\u00e9xico tensar\u00e1n la Cumbre\u00a0<\/strong><\/p>\n\n\n\n<p>El tr\u00e1fico de fentanilo, la captura de Ovidio Guzm\u00e1n, la migraci\u00f3n r\u00e9cord y la pol\u00edtica energ\u00e9tica mexicana tensar\u00e1n la Cumbre de L\u00edderes de Am\u00e9rica del Norte que este lunes alberga M\u00e9xico, donde el presidente Andr\u00e9s Manuel L\u00f3pez Obrador afronta uno de sus mayores retos en pol\u00edtica exterior.<\/p>\n\n\n\n<p>La detenci\u00f3n del hijo del &#8220;Chapo&#8221; Guzm\u00e1n y la nueva pol\u00edtica migratoria de Estados Unidos, ambas anunciadas el jueves, marcan el primer viaje a M\u00e9xico del presidente de Estados Unidos, Joe Biden, y la primera visita del primer ministro de Canad\u00e1, Justin Trudeau, durante el gobierno de L\u00f3pez Obrador.<\/p>\n\n\n\n<p>&#8220;La coyuntura es muy importante. El Gobierno mexicano pretende plantear una agenda en defensa de la soberan\u00eda, en defensa de la autosuficiencia energ\u00e9tica, en favor de las comunidades m\u00e1s oprimidas, de mejorar los flujos laborales&#8221;, expone a EFE el profesor investigador Jos\u00e9 Mar\u00eda Ramos.<\/p>\n\n\n\n<p><strong>EL HIJO DEL &#8220;CHAPO&#8221; Y LAS DROGAS<\/strong><\/p>\n\n\n\n<p>La primera reuni\u00f3n de &#8220;Los Tres Amigos&#8221; desde noviembre de 2021 suceder\u00e1 en medio de la pol\u00e9mica por el arresto de Ovidio Guzm\u00e1n, uno de los hijos del &#8220;Chapo&#8221; m\u00e1s buscados por Estados Unidos, y cuya detenci\u00f3n deriv\u00f3 en actos violentos que dejaron 29 muertos en Sinaloa.<\/p>\n","protected":false},"excerpt":{"rendered":"<p>Poco despu\u00e9s de las siete de la noche de ayer, aterriz\u00f3 en el Aeropuerto Felipe \u00c1ngeles el avi\u00f3n que transporta al presidente de Estados Unidos, Joe Biden. L\u00edderes de Am\u00e9rica del Norte. En estos d\u00edas M\u00e9xico tendr\u00e1 la visita del presidente de Estados Unidos, Joe Biden, y el primer ministro de Canad\u00e1, Justin Trudeau, los [&hellip;]<\/p>\n","protected":false},"author":80,"featured_media":245479,"comment_status":"closed","ping_status":"closed","sticky":false,"template":"","format":"standard","meta":{"footnotes":""},"categories":[36],"tags":[],"class_list":["post-245477","post","type-post","status-publish","format-standard","has-post-thumbnail","hentry","category-nacion"],"_links":{"self":[{"href":"https:\/\/plazajuarez.mx\/historico\/wp-json\/wp\/v2\/posts\/245477","targetHints":{"allow":["GET"]}}],"collection":[{"href":"https:\/\/plazajuarez.mx\/historico\/wp-json\/wp\/v2\/posts"}],"about":[{"href":"https:\/\/plazajuarez.mx\/historico\/wp-json\/wp\/v2\/types\/post"}],"author":[{"embeddable":true,"href":"https:\/\/plazajuarez.mx\/historico\/wp-json\/wp\/v2\/users\/80"}],"replies":[{"embeddable":true,"href":"https:\/\/plazajuarez.mx\/historico\/wp-json\/wp\/v2\/comments?post=245477"}],"version-history":[{"count":0,"href":"https:\/\/plazajuarez.mx\/historico\/wp-json\/wp\/v2\/posts\/245477\/revisions"}],"wp:featuredmedia":[{"embeddable":true,"href":"https:\/\/plazajuarez.mx\/historico\/wp-json\/wp\/v2\/media\/245479"}],"wp:attachment":[{"href":"https:\/\/plazajuarez.mx\/historico\/wp-json\/wp\/v2\/media?parent=245477"}],"wp:term":[{"taxonomy":"category","embeddable":true,"href":"https:\/\/plazajuarez.mx\/historico\/wp-json\/wp\/v2\/categories?post=245477"},{"taxonomy":"post_tag","embeddable":true,"href":"https:\/\/plazajuarez.mx\/historico\/wp-json\/wp\/v2\/tags?post=245477"}],"curies":[{"name":"wp","href":"https:\/\/api.w.org\/{rel}","templated":true}]}}