{"id":245460,"date":"2023-01-09T10:22:00","date_gmt":"2023-01-09T16:22:00","guid":{"rendered":"https:\/\/plazajuarez.mx\/?p=245460"},"modified":"2023-01-09T11:24:47","modified_gmt":"2023-01-09T17:24:47","slug":"establecen-comite-tecnico-de-supervision-externa-por-accidente","status":"publish","type":"post","link":"https:\/\/plazajuarez.mx\/historico\/establecen-comite-tecnico-de-supervision-externa-por-accidente\/","title":{"rendered":"Establecen comit\u00e9 t\u00e9cnico de supervisi\u00f3n externa por accidente"},"content":{"rendered":"\n<p>El director del Metro, Guillermo Calder\u00f3n, inform\u00f3 que se estableci\u00f3 un comit\u00e9 t\u00e9cnico de supervisi\u00f3n externa de la operaci\u00f3n de la L\u00ednea 3, esto tras el choque de dos trenes entre la estaci\u00f3n Potrero y La Raza.<\/p>\n\n\n\n<p>Detall\u00f3 que el s\u00e1bado por la tarde, se llev\u00f3 a cabo una sesi\u00f3n extraordinaria del Consejo Consultivo Asesor del Metro, integrado por expertos donde se determin\u00f3 hacer el comit\u00e9 t\u00e9cnico de supervisi\u00f3n.<\/p>\n\n\n\n<p>&#8220;La respuesta (de crearlo) fue proactiva, entusiasta para confirmarlo y ponerlo en operaci\u00f3n de forma inmediata&#8221;, indic\u00f3.<\/p>\n\n\n\n<p>La funci\u00f3n de este comit\u00e9 ser\u00e1 verificar, supervisar y revisar los protocolos que se hacen a los trenes, estaciones y terminales todos los d\u00edas con personal especializado.<\/p>\n\n\n\n<p>&#8220;(Estar) monitoreando la operaci\u00f3n continua en los talleres, fosas de inspecci\u00f3n de los trenes a lo largo de las 21 estaciones que tiene la L\u00ednea 3&#8221;, mencion\u00f3 Guillermo Calder\u00f3n.<\/p>\n\n\n\n<p>En ese sentido, el director del STC, destac\u00f3 que habr\u00e1 un reporte cotidiano, ya que habr\u00e1 listas de verificaciones de cada una de las personas que se despliegue para la supervisi\u00f3n, ya que funcionar\u00e1 indefinidamente.<\/p>\n","protected":false},"excerpt":{"rendered":"<p>El director del Metro, Guillermo Calder\u00f3n, inform\u00f3 que se estableci\u00f3 un comit\u00e9 t\u00e9cnico de supervisi\u00f3n externa de la operaci\u00f3n de la L\u00ednea 3, esto tras el choque de dos trenes entre la estaci\u00f3n Potrero y La Raza. Detall\u00f3 que el s\u00e1bado por la tarde, se llev\u00f3 a cabo una sesi\u00f3n extraordinaria del Consejo Consultivo Asesor [&hellip;]<\/p>\n","protected":false},"author":81,"featured_media":245466,"comment_status":"closed","ping_status":"closed","sticky":false,"template":"","format":"standard","meta":{"footnotes":""},"categories":[37],"tags":[],"class_list":["post-245460","post","type-post","status-publish","format-standard","has-post-thumbnail","hentry","category-barandilla"],"_links":{"self":[{"href":"https:\/\/plazajuarez.mx\/historico\/wp-json\/wp\/v2\/posts\/245460","targetHints":{"allow":["GET"]}}],"collection":[{"href":"https:\/\/plazajuarez.mx\/historico\/wp-json\/wp\/v2\/posts"}],"about":[{"href":"https:\/\/plazajuarez.mx\/historico\/wp-json\/wp\/v2\/types\/post"}],"author":[{"embeddable":true,"href":"https:\/\/plazajuarez.mx\/historico\/wp-json\/wp\/v2\/users\/81"}],"replies":[{"embeddable":true,"href":"https:\/\/plazajuarez.mx\/historico\/wp-json\/wp\/v2\/comments?post=245460"}],"version-history":[{"count":0,"href":"https:\/\/plazajuarez.mx\/historico\/wp-json\/wp\/v2\/posts\/245460\/revisions"}],"wp:featuredmedia":[{"embeddable":true,"href":"https:\/\/plazajuarez.mx\/historico\/wp-json\/wp\/v2\/media\/245466"}],"wp:attachment":[{"href":"https:\/\/plazajuarez.mx\/historico\/wp-json\/wp\/v2\/media?parent=245460"}],"wp:term":[{"taxonomy":"category","embeddable":true,"href":"https:\/\/plazajuarez.mx\/historico\/wp-json\/wp\/v2\/categories?post=245460"},{"taxonomy":"post_tag","embeddable":true,"href":"https:\/\/plazajuarez.mx\/historico\/wp-json\/wp\/v2\/tags?post=245460"}],"curies":[{"name":"wp","href":"https:\/\/api.w.org\/{rel}","templated":true}]}}