{"id":24532,"date":"2016-07-10T15:10:47","date_gmt":"2016-07-10T15:10:47","guid":{"rendered":"http:\/\/plazajuarez.mx\/index\/index.php\/2016\/07\/10\/la-eurofobia-fallida\/"},"modified":"2016-07-10T15:10:47","modified_gmt":"2016-07-10T15:10:47","slug":"la-eurofobia-fallida","status":"publish","type":"post","link":"https:\/\/plazajuarez.mx\/historico\/la-eurofobia-fallida\/","title":{"rendered":"La eurofobia fallida"},"content":{"rendered":"<p style=\"text-align: justify;\">HOMO POLITICUS<\/p>\n<p>  <!--more-->  <\/p>\n<p style=\"text-align: justify;\">\u00a0<\/p>\n<p style=\"text-align: justify;\">Las fobias siempre encierran temores, muchos de ellos indescifrables, encriptados en la mente y en la ignorancia o desconocimiento de la realidad.<br \/>\u00a0<br \/>El Brexit, ya condensa la serie de desencuentros que se esperaban ante la reacci\u00f3n eurofobica del Reino Unido; la psicosis de propios y extra\u00f1os, la incertidumbre de los pendejos que votaron en favor de la salida de la ECU y, que no supieron el \u00bfpor qu\u00e9? De su voto; incluso, aquellos que votaron en contra, hoy son arrastrados por las parafernalias de las cr\u00edticas internas y externas.<br \/>\u00a0<br \/>Para cagarse de la risa, la salida de Reino Unido de la ECU, no s\u00f3lo trastoc\u00f3 las condiciones econ\u00f3micas y pol\u00edticas de brit\u00e1nicos y europeos, ahora, hasta las cuestiones culturales, \u00e9tnicas y de relaciones humanas est\u00e1n en juego, al grado que han existido rupturas en las redes sociales m\u00e1s visitadas como el infausto y superfluo Facebook, situaci\u00f3n que ha creado una batalla campal de pendejer\u00eda y palabrer\u00eda sin precedentes, donde el aire caliente se enfr\u00eda r\u00e1pidamente.<br \/>\u00a0<br \/>Es positivo estar del otro lado del charco. \u00bfA qui\u00e9n mierda, en su sano juicio le importa en M\u00e9xico la salida de RU de UCU?, en realidad a nadie, ni comercial, ni pol\u00edtica, ni cultural, ni religiosamente, a nadie; es en realidad una noticia que causa tanta impresi\u00f3n como el cond\u00f3n fallido de estudiante de prepa. La realidad nos hemos empantanado en una noticia a t\u00edtulo de monserga.<br \/>\u00a0<br \/>Pregunta paralela, a qui\u00e9n mierda que ve los partidos de la Eurocopa le importa la eliminaci\u00f3n de Inglaterra?, \u00bfa qui\u00e9n mierda en su sano juicio, le importa que Messi llorando como ni\u00f1o de k\u00ednder haya renunciado a la selecci\u00f3n de Argentina?, pos a ni madres.<br \/>\u00a0<br \/>M\u00e1s a\u00fan, la eurofobia es en realidad una forma de poner en el escenario a la alica\u00edda Europa que mucho antes de la separaci\u00f3n incestuosa del Reino Unido con ella, ya presagiaba los males de un continente que desfallece ante una integraci\u00f3n que es tan s\u00f3lida como la econom\u00eda de Grecia, si se permite el eufemismo.<\/p>\n","protected":false},"excerpt":{"rendered":"<p>HOMO POLITICUS<\/p>\n","protected":false},"author":93,"featured_media":0,"comment_status":"open","ping_status":"open","sticky":false,"template":"","format":"standard","meta":{"footnotes":""},"categories":[42],"tags":[],"class_list":["post-24532","post","type-post","status-publish","format-standard","hentry","category-nuestrapalabra"],"_links":{"self":[{"href":"https:\/\/plazajuarez.mx\/historico\/wp-json\/wp\/v2\/posts\/24532","targetHints":{"allow":["GET"]}}],"collection":[{"href":"https:\/\/plazajuarez.mx\/historico\/wp-json\/wp\/v2\/posts"}],"about":[{"href":"https:\/\/plazajuarez.mx\/historico\/wp-json\/wp\/v2\/types\/post"}],"author":[{"embeddable":true,"href":"https:\/\/plazajuarez.mx\/historico\/wp-json\/wp\/v2\/users\/93"}],"replies":[{"embeddable":true,"href":"https:\/\/plazajuarez.mx\/historico\/wp-json\/wp\/v2\/comments?post=24532"}],"version-history":[{"count":0,"href":"https:\/\/plazajuarez.mx\/historico\/wp-json\/wp\/v2\/posts\/24532\/revisions"}],"wp:attachment":[{"href":"https:\/\/plazajuarez.mx\/historico\/wp-json\/wp\/v2\/media?parent=24532"}],"wp:term":[{"taxonomy":"category","embeddable":true,"href":"https:\/\/plazajuarez.mx\/historico\/wp-json\/wp\/v2\/categories?post=24532"},{"taxonomy":"post_tag","embeddable":true,"href":"https:\/\/plazajuarez.mx\/historico\/wp-json\/wp\/v2\/tags?post=24532"}],"curies":[{"name":"wp","href":"https:\/\/api.w.org\/{rel}","templated":true}]}}