{"id":24531,"date":"2016-07-10T15:10:32","date_gmt":"2016-07-10T15:10:32","guid":{"rendered":"http:\/\/plazajuarez.mx\/index\/index.php\/2016\/07\/10\/justicia-inhumana\/"},"modified":"2016-07-10T15:10:32","modified_gmt":"2016-07-10T15:10:32","slug":"justicia-inhumana","status":"publish","type":"post","link":"https:\/\/plazajuarez.mx\/historico\/justicia-inhumana\/","title":{"rendered":"Justicia inhumana"},"content":{"rendered":"<p>Cada d\u00eda son m\u00e1s las poblaciones que han decidido tomar la seguridad en sus manos, hacer justicia por sus propios medios; el ejemplo brota por todas parte cual viruela que de no atenderse, dejar\u00e1 cacarizo al Estado Mexicano.<\/p>\n<p>  <!--more-->  <\/p>\n<p>No es poca cosa la actitud asumida por estos grupos irracionalmente defensivos con tintes de psicosis, aunque por una parte, est\u00e1n manifestando con acciones su leg\u00edtimo derecho a sentirse seguros en su propia casa; seguridad que las autoridades de los tres niveles de gobierno no han podido otorgarles, pero por otra parte, con esas mismas acciones represivas est\u00e1n violentando el estado de derecho que parad\u00f3jicamente pretender defender.<\/p>\n<p>Nuestra Ley Suprema estipula que \u201cNinguna persona podr\u00e1 hacerse justicia por s\u00ed misma, ni ejercer violencia para reclamar su derecho\u201d, pero\u2026 \u00bfc\u00f3mo quitarles entonces ese sentimiento de inseguridad sostenida que desde hace a\u00f1os en nuestras poblaciones estamos padeciendo?; si las autoridades, por muy buena intenci\u00f3n que pudiesen tener sus medidas tomadas no han logrado cumplir con esta su obligaci\u00f3n principal, darle paz y tranquilidad a su gente, el pueblo blanco que todo lo calla, que todo lo aguanta\u2026hasta ahora.<\/p>\n<p>Primero fue en Guerrero, luego en Oaxaca, m\u00e1s tarde en el Estado de M\u00e9xico, ahora la paranoia ya lleg\u00f3 a Hidalgo; Estados cuya caracter\u00edstica son una constante de inseguridad que ha orillado a la sociedad civil a organizarse ante la ineficacia de sus polic\u00edas estatales o municipales; muchos muertos ya han sido puesto por las familias mexicanas \u00bfcu\u00e1ntos m\u00e1s? seguramente se han preguntado en estas poblaciones que se han tomado la justicia en sus manos..<\/p>\n<p>No, no es posible caer en esa espiral de desesperaci\u00f3n; no se debe caer en la medida f\u00e1cil de justificar a la gente en un af\u00e1n de autodefensa, para eso est\u00e1n los cuerpos policiacos que deben asumir la funci\u00f3n que se les ha encomendado; se bien que hoy d\u00eda no resulta nada f\u00e1cil volver a fincar nuestra confianza en corporaciones que, seg\u00fan se aprecia diariamente, han sido infiltradas por los malosos; por ello la desconfianza ha llegado al grado extremo de ver en cada polic\u00eda a un delincuente en potencia; apreciaci\u00f3n negativa desde luego, pero muchos botones de muestra son la base de esa desconfianza.<\/p>\n<p>Todav\u00eda hay mucho por hacer con los cuerpos policiacos a nivel nacional, sigue habiendo polic\u00edas sin el perfil para ocupar esas plazas; la gordura no ha querido perder terreno; algunos toman a la \u201cplaca\u201d como patente de corso, pues de haber sido \u201cnada\u201d, ahora son \u201cautoridad\u201d; se pierde piso, y los resbalones incrementan la inseguridad de la poblaci\u00f3n.<\/p>\n<p>\u00bfInseguros?, definitivamente s\u00ed; \u00bfindefensos?, se pretende demostrar que no, pero lamentablemente por los medios equivocados; no es linchando a sospechosos el c\u00f3mo vamos a recobrar la tranquilidad, pues el rebote de la violencia puede ser m\u00e1s grave; ciudadanos armados es precisamente lo que se critica de los g\u00fceros del norte que se matan entre ellos, y ahora \u00bflo queremos implementar en nuestro pa\u00eds.?, <\/p>\n<p>La polic\u00eda mexicana debe dejarse de resolver s\u00f3lo aquellos asuntos que se antojan medi\u00e1ticos y que por la rapidez con que act\u00faan es inevitable que se levanten sospechas, hasta eso es parte de la desconfianza heredada en la que estamos inmersos.<\/p>\n<p>Diariamente nos enteramos por las noticias que se amenaza a fundadores de redes sociales, que se extorsiona a comerciantes y profesionistas, y que el perfil de la v\u00edctima ya no importa mientras haya lana que pueda obtenerse de ellos; bajo esta circunstancia; me resulta complicado insinuar serenidad y confianza; la ola sigue creciendo y con ella la desesperaci\u00f3n de la poblaci\u00f3n.<\/p>\n<p>La justicia de propia mano es regresi\u00f3n, es atavismo que violenta al derecho; no es ese el camino a seguir, se puede errar el camino y \u201ccometer injusticias en nombre de la justicia\u201d, revertir los efectos en esos casos ser\u00eda imposible; las autoridades deben hacer algo m\u00e1s all\u00e1 de lo estrictamente indispensable para recuperar la confianza abollada por tantos muertos; es menester la presencia del brazo largo de la ley y que infunda respeto, no miedo, pues s\u00f3lo de esa forma se quitar\u00e1 de la mente de la gente esa tendencia de tomarse la justicia por su propia mano..<\/p>\n<p>Las palabras se las lleva el viento, pero mi pensamiento escrito est\u00e1<\/p>\n<p>Miguel Rosales P\u00e9rez<\/p>\n","protected":false},"excerpt":{"rendered":"<p>Cada d\u00eda son m\u00e1s las poblaciones que han decidido tomar la seguridad en sus manos, hacer justicia por sus propios medios; el ejemplo brota por todas parte cual viruela que de no atenderse, dejar\u00e1 cacarizo al Estado Mexicano.<\/p>\n","protected":false},"author":93,"featured_media":0,"comment_status":"open","ping_status":"open","sticky":false,"template":"","format":"standard","meta":{"footnotes":""},"categories":[42],"tags":[],"class_list":["post-24531","post","type-post","status-publish","format-standard","hentry","category-nuestrapalabra"],"_links":{"self":[{"href":"https:\/\/plazajuarez.mx\/historico\/wp-json\/wp\/v2\/posts\/24531","targetHints":{"allow":["GET"]}}],"collection":[{"href":"https:\/\/plazajuarez.mx\/historico\/wp-json\/wp\/v2\/posts"}],"about":[{"href":"https:\/\/plazajuarez.mx\/historico\/wp-json\/wp\/v2\/types\/post"}],"author":[{"embeddable":true,"href":"https:\/\/plazajuarez.mx\/historico\/wp-json\/wp\/v2\/users\/93"}],"replies":[{"embeddable":true,"href":"https:\/\/plazajuarez.mx\/historico\/wp-json\/wp\/v2\/comments?post=24531"}],"version-history":[{"count":0,"href":"https:\/\/plazajuarez.mx\/historico\/wp-json\/wp\/v2\/posts\/24531\/revisions"}],"wp:attachment":[{"href":"https:\/\/plazajuarez.mx\/historico\/wp-json\/wp\/v2\/media?parent=24531"}],"wp:term":[{"taxonomy":"category","embeddable":true,"href":"https:\/\/plazajuarez.mx\/historico\/wp-json\/wp\/v2\/categories?post=24531"},{"taxonomy":"post_tag","embeddable":true,"href":"https:\/\/plazajuarez.mx\/historico\/wp-json\/wp\/v2\/tags?post=24531"}],"curies":[{"name":"wp","href":"https:\/\/api.w.org\/{rel}","templated":true}]}}