{"id":24530,"date":"2016-07-10T15:08:37","date_gmt":"2016-07-10T15:08:37","guid":{"rendered":"http:\/\/plazajuarez.mx\/index\/index.php\/2016\/07\/10\/el-pase-de-lista\/"},"modified":"2016-07-10T15:08:37","modified_gmt":"2016-07-10T15:08:37","slug":"el-pase-de-lista","status":"publish","type":"post","link":"https:\/\/plazajuarez.mx\/historico\/el-pase-de-lista\/","title":{"rendered":"El pase de lista"},"content":{"rendered":"<p>Historias de Bur\u00f3<\/p>\n<p>  <!--more-->  <\/p>\n<p>Por la inicial de mi apellido siempre tuve conflicto en la escuela. Si llegaba cinco minutos tarde, la muestra ya estaba nombrando a los Baltazar, Ben\u00edtez, Camacho, etc\u00e9tera; cuando se trataba de entregar la tarea y aun la estaba terminando yo era la primera en pasar. \u00a1Tache, est\u00e1 incompleta! Me dec\u00eda la maestra al tiempo que colocaba una equis enorme en mi libreta.<br \/>En una ocasi\u00f3n particip\u00e9 en un concurso de poes\u00eda, al que ansiosa hab\u00eda practicado con varias semanas de anticipaci\u00f3n. La presentadora nos hab\u00eda mencionado que se sortear\u00eda el turno en que pasar\u00edamos, pero dos minutos antes anunciaba que entrar\u00edamos por orden alfab\u00e9tico. \u00a1Maldita la inicial de mi apellido! Pens\u00e9. <br \/>-La estudiante \u00c1vila viene con el poema \u201cEl brindis del Bohemio\u201d. Y enseguida mis pies comenzaron a temblar cual gelatina, no sab\u00eda en qu\u00e9 lugar del escenario pararme, si ten\u00eda que presentarme antes o ir directo al grano, si deb\u00eda tomar el micr\u00f3fono o dejarlo en su sitio. Todas estas dudas las habr\u00eda aclarado si alguien m\u00e1s hubiera pasado antes que yo.<br \/>Aterrada frente al p\u00fablico, dije el t\u00edtulo, primer verso y\u2026\u00a0 adi\u00f3s. Corr\u00ed del escenario despavorida y apenada por lo que hab\u00eda hecho, a\u00f1adiendo que era perseguida por los aplausos de consolaci\u00f3n que mis compa\u00f1eros estudiantes emit\u00edan.<br \/>Cuando ingres\u00e9 a la universidad, recuerdo que estaba entre una multitud de j\u00f3venes\u00a0 en un peque\u00f1o auditorio de la facultad de comunicaci\u00f3n, y al igual que yo, no ten\u00edamos ni idea de lo que estaba pasando a nuestro alrededor.\u00a0 Un maestro se subi\u00f3 a una silla y con voz fuerte dijo <br \/>-Por orden alfab\u00e9tico van\u00a0 pasar a entregarme su documentaci\u00f3n en el siguiente orden\u2026\u00a0 en el folder escriban su matr\u00edcula de nueve d\u00edgitos que les entregaron al inscribirse.<br \/>Cuando estaba analizando el breve discurso, escuche a lo lejos que dec\u00edan Abad, 30 segundos despu\u00e9s, \u00c1lvarez, y casi instant\u00e1neamente, \u00c1vila. Apresur\u00e9 el paso hasta llegar al escritorio donde estaban tres maestros, en tanto, trataba de acomodar mis papeles en el orden que hab\u00eda mencionado el profesor.<br \/>Cuando llegue a la mesa, una mujer me pregunt\u00f3- \u00bfCu\u00e1l es tu matricula? Tienes que anotarla en el folder. \u2013 No la encuentro. Y con cara de asco me mir\u00f3 y continu\u00f3 con el siguiente apellido, sin recibir mi documentaci\u00f3n. <br \/>En este tipo de situaciones siempre desee que alg\u00fan d\u00eda ese pase de lista fuera una entrega de premios del m\u00e1s caro al m\u00e1s insignificante, as\u00ed me corresponder\u00eda algo bueno;\u00a0 pero ese d\u00eda\u2026 no ha llegado.\u00a0 Pienso que el pr\u00f3ximo pase de lista ser\u00e1 cuando me suba al arca de No\u00e9, en la salvaci\u00f3n de la humanidad por un ataque de zombis, cuando entreguen los premio Nobel o de perdido cuando tenga subirme al cami\u00f3n. Ah\u00ed s\u00ed, \u00a1arriba el pase de lista!<\/p>\n","protected":false},"excerpt":{"rendered":"<p>Historias de Bur\u00f3<\/p>\n","protected":false},"author":93,"featured_media":0,"comment_status":"open","ping_status":"open","sticky":false,"template":"","format":"standard","meta":{"footnotes":""},"categories":[42],"tags":[],"class_list":["post-24530","post","type-post","status-publish","format-standard","hentry","category-nuestrapalabra"],"_links":{"self":[{"href":"https:\/\/plazajuarez.mx\/historico\/wp-json\/wp\/v2\/posts\/24530","targetHints":{"allow":["GET"]}}],"collection":[{"href":"https:\/\/plazajuarez.mx\/historico\/wp-json\/wp\/v2\/posts"}],"about":[{"href":"https:\/\/plazajuarez.mx\/historico\/wp-json\/wp\/v2\/types\/post"}],"author":[{"embeddable":true,"href":"https:\/\/plazajuarez.mx\/historico\/wp-json\/wp\/v2\/users\/93"}],"replies":[{"embeddable":true,"href":"https:\/\/plazajuarez.mx\/historico\/wp-json\/wp\/v2\/comments?post=24530"}],"version-history":[{"count":0,"href":"https:\/\/plazajuarez.mx\/historico\/wp-json\/wp\/v2\/posts\/24530\/revisions"}],"wp:attachment":[{"href":"https:\/\/plazajuarez.mx\/historico\/wp-json\/wp\/v2\/media?parent=24530"}],"wp:term":[{"taxonomy":"category","embeddable":true,"href":"https:\/\/plazajuarez.mx\/historico\/wp-json\/wp\/v2\/categories?post=24530"},{"taxonomy":"post_tag","embeddable":true,"href":"https:\/\/plazajuarez.mx\/historico\/wp-json\/wp\/v2\/tags?post=24530"}],"curies":[{"name":"wp","href":"https:\/\/api.w.org\/{rel}","templated":true}]}}