{"id":24527,"date":"2016-07-10T15:08:56","date_gmt":"2016-07-10T15:08:56","guid":{"rendered":"http:\/\/plazajuarez.mx\/index\/index.php\/2016\/07\/10\/conmemoran-con-el-arbol-el-centenario-de-elena-garro\/"},"modified":"2016-07-10T15:08:56","modified_gmt":"2016-07-10T15:08:56","slug":"conmemoran-con-el-arbol-el-centenario-de-elena-garro","status":"publish","type":"post","link":"https:\/\/plazajuarez.mx\/historico\/conmemoran-con-el-arbol-el-centenario-de-elena-garro\/","title":{"rendered":"Conmemoran con El \u00e1rbol el centenario de Elena Garro"},"content":{"rendered":"<p>OBRA A ESCENA\u00a0\u00a0\u00a0 <br \/>\u25cf\u00a0\u00a0\u00a0 Escrita en los a\u00f1os 60, El \u00e1rbol es la historia de dos mujeres que reflejan dos realidades de nuestro M\u00e9xico<\/p>\n<p>  <!--more-->  <\/p>\n<p>En el Centenario del Natalicio de Elena Garro se lleva a escena la obra El \u00e1rbol, bajo la direcci\u00f3n de Miguel Romero y con las actuaciones de Mahalat S\u00e1nchez, \u00c1ngeles Cruz y Myriam Bravo, las \u00faltimas dos alternan funciones.<br \/>Escrita en los a\u00f1os 60, El \u00e1rbol es la historia de dos mujeres que reflejan dos realidades de nuestro M\u00e9xico. Marta, una se\u00f1ora de clase alta, recibe en su casa a Luisa, de origen ind\u00edgena, quien llega sucia y golpeada. La segunda cuenta su vida para desahogar culpas y aliviar su conciencia, mientras la primera descubre poco a poco el pasado de la mujer que cre\u00eda conocer e ignora que lleva la llave que la transportar\u00e1 de nuevo al \u00fanico sitio en el que se sinti\u00f3 integrada y por el que est\u00e1 dispuesta a renunciar a su libertad.<br \/>\u201cMe encanta la obra dram\u00e1tica de Elena Garro, por su intensidad, por su realismo m\u00e1gico y porque me vuelven loco muchas de las cosas a las que hace referencia. Soy de provincia y, desde ni\u00f1o, escuch\u00e9 un sinf\u00edn de historias. Y as\u00ed es la obra de Elena Garro\u201d, dice Romero en entrevista. <br \/>Actor y productor, Romero debuta como director de escena con esta obra que se presenta desde el 1 de julio y hasta el 31 de julio, los viernes a las 20:30 horas, los s\u00e1bados a las 19 horas y los domingos a las 18 horas, en el Foro A Poco No, ubicado en Rep\u00fablica de Cuba 49, colonia Centro Hist\u00f3rico.<br \/>\u201cEn El \u00e1rbol hay un especial \u00e9nfasis en el mundo femenino y en el mundo ind\u00edgena; esta caracter\u00edstica me encant\u00f3 y decid\u00ed dirigirla yo mismo. Su estreno coincide con el Centenario de la escritora, ha sido una muy feliz coincidencia\u201d, dice. <br \/>Su formaci\u00f3n actoral, asegura, le ha permitido tener una relaci\u00f3n m\u00e1s estrecha con las actrices y as\u00ed delinear su propia lectura de la obra de Garro. <br \/>\u201cFue muy importante para m\u00ed que nos pudi\u00e9ramos entender, les ped\u00ed a las actrices que fueran muy pacientes conmigo porque se trata de mi primera obra como director; pero las cosas han funcionado muy bien, especialmente porque es un texto maravilloso que se centra en temas como el racismo y la discriminaci\u00f3n dentro del mundo femenino\u201d.<br \/>\u201cME ENCANTA LA OBRA DRAM\u00c1TICA DE ELENA GARRO, POR SU INTENSIDAD, POR SU REALISMO M\u00c1GICO Y PORQUE ME VUELVEN LOCO MUCHAS DE LAS COSAS A LAS QUE HACE REFERENCIA\u201d MIGUEL ROMERO<\/p>\n","protected":false},"excerpt":{"rendered":"<p>OBRA A ESCENA\u00a0\u00a0\u00a0 \u25cf\u00a0\u00a0\u00a0 Escrita en los a\u00f1os 60, El \u00e1rbol es la historia de dos mujeres que reflejan dos realidades de nuestro M\u00e9xico<\/p>\n","protected":false},"author":93,"featured_media":0,"comment_status":"open","ping_status":"open","sticky":false,"template":"","format":"standard","meta":{"footnotes":""},"categories":[41],"tags":[],"class_list":["post-24527","post","type-post","status-publish","format-standard","hentry","category-arteria-cultural"],"_links":{"self":[{"href":"https:\/\/plazajuarez.mx\/historico\/wp-json\/wp\/v2\/posts\/24527","targetHints":{"allow":["GET"]}}],"collection":[{"href":"https:\/\/plazajuarez.mx\/historico\/wp-json\/wp\/v2\/posts"}],"about":[{"href":"https:\/\/plazajuarez.mx\/historico\/wp-json\/wp\/v2\/types\/post"}],"author":[{"embeddable":true,"href":"https:\/\/plazajuarez.mx\/historico\/wp-json\/wp\/v2\/users\/93"}],"replies":[{"embeddable":true,"href":"https:\/\/plazajuarez.mx\/historico\/wp-json\/wp\/v2\/comments?post=24527"}],"version-history":[{"count":0,"href":"https:\/\/plazajuarez.mx\/historico\/wp-json\/wp\/v2\/posts\/24527\/revisions"}],"wp:attachment":[{"href":"https:\/\/plazajuarez.mx\/historico\/wp-json\/wp\/v2\/media?parent=24527"}],"wp:term":[{"taxonomy":"category","embeddable":true,"href":"https:\/\/plazajuarez.mx\/historico\/wp-json\/wp\/v2\/categories?post=24527"},{"taxonomy":"post_tag","embeddable":true,"href":"https:\/\/plazajuarez.mx\/historico\/wp-json\/wp\/v2\/tags?post=24527"}],"curies":[{"name":"wp","href":"https:\/\/api.w.org\/{rel}","templated":true}]}}