{"id":24526,"date":"2016-07-10T15:08:45","date_gmt":"2016-07-10T15:08:45","guid":{"rendered":"http:\/\/plazajuarez.mx\/index\/index.php\/2016\/07\/10\/unen-a-la-tecnologia-y-al-arte-durante-alife-2016\/"},"modified":"2016-07-10T15:08:45","modified_gmt":"2016-07-10T15:08:45","slug":"unen-a-la-tecnologia-y-al-arte-durante-alife-2016","status":"publish","type":"post","link":"https:\/\/plazajuarez.mx\/historico\/unen-a-la-tecnologia-y-al-arte-durante-alife-2016\/","title":{"rendered":"UNEN A LA TECNOLOG\u00cdA Y AL ARTE DURANTE ALIFE 2016"},"content":{"rendered":"<p>MUESTRA INTERDISCIPLINARIA DEL MEXICANO ANTONIO ISAAC G\u00d3MEZ <br \/>\u25cf\u00a0\u00a0\u00a0 Oraculum fue presentada durante la 15 Conferencia Alife 2016, evento que convoc\u00f3 en Canc\u00fan a cient\u00edficos de diversas partes del mundo especializados en el tema de la vida artificial<\/p>\n<p>  <!--more-->  <\/p>\n<p>M\u00fasica, danza, teatro, microbiolog\u00eda, matem\u00e1ticas, geometr\u00eda cu\u00e1ntica, rob\u00f3tica e inteligencia artificial son algunos de los componentes que dan origen a Oraculum, muestra interdisciplinaria del mexicano Antonio Isaac G\u00f3mez.<br \/>Con esta instalaci\u00f3n Isaac G\u00f3mez pretende romper el muro que muchas veces, las personas e instituciones, ponen entre la ciencia y el arte, y busca que se entienda el v\u00ednculo que existe entre ambas.<br \/>Oraculum fue presentada durante la 15 Conferencia Alife 2016, evento que convoc\u00f3 en Canc\u00fan a cient\u00edficos de diversas partes del mundo especializados en el tema de la vida artificial.<br \/>\u201cLa pieza igual que todo mi trabajo trata de ser una mezcla entre la composici\u00f3n art\u00edstica y la relaci\u00f3n entre el arte y la ciencia a trav\u00e9s del uso de nuevas tecnolog\u00edas, siempre con conciencia plena y profunda de la naturaleza que nos rodea\u201d, explic\u00f3 el artista.<br \/>La pieza est\u00e1 construida por un hipercubo proyectado a la tercera dimensi\u00f3n que mide 3.10 metros c\u00fabicos. <\/p>\n","protected":false},"excerpt":{"rendered":"<p>MUESTRA INTERDISCIPLINARIA DEL MEXICANO ANTONIO ISAAC G\u00d3MEZ \u25cf\u00a0\u00a0\u00a0 Oraculum fue presentada durante la 15 Conferencia Alife 2016, evento que convoc\u00f3 en Canc\u00fan a cient\u00edficos de diversas partes del mundo especializados en el tema de la vida artificial<\/p>\n","protected":false},"author":93,"featured_media":0,"comment_status":"open","ping_status":"open","sticky":false,"template":"","format":"standard","meta":{"footnotes":""},"categories":[41],"tags":[],"class_list":["post-24526","post","type-post","status-publish","format-standard","hentry","category-arteria-cultural"],"_links":{"self":[{"href":"https:\/\/plazajuarez.mx\/historico\/wp-json\/wp\/v2\/posts\/24526","targetHints":{"allow":["GET"]}}],"collection":[{"href":"https:\/\/plazajuarez.mx\/historico\/wp-json\/wp\/v2\/posts"}],"about":[{"href":"https:\/\/plazajuarez.mx\/historico\/wp-json\/wp\/v2\/types\/post"}],"author":[{"embeddable":true,"href":"https:\/\/plazajuarez.mx\/historico\/wp-json\/wp\/v2\/users\/93"}],"replies":[{"embeddable":true,"href":"https:\/\/plazajuarez.mx\/historico\/wp-json\/wp\/v2\/comments?post=24526"}],"version-history":[{"count":0,"href":"https:\/\/plazajuarez.mx\/historico\/wp-json\/wp\/v2\/posts\/24526\/revisions"}],"wp:attachment":[{"href":"https:\/\/plazajuarez.mx\/historico\/wp-json\/wp\/v2\/media?parent=24526"}],"wp:term":[{"taxonomy":"category","embeddable":true,"href":"https:\/\/plazajuarez.mx\/historico\/wp-json\/wp\/v2\/categories?post=24526"},{"taxonomy":"post_tag","embeddable":true,"href":"https:\/\/plazajuarez.mx\/historico\/wp-json\/wp\/v2\/tags?post=24526"}],"curies":[{"name":"wp","href":"https:\/\/api.w.org\/{rel}","templated":true}]}}