{"id":24525,"date":"2016-07-10T15:06:48","date_gmt":"2016-07-10T15:06:48","guid":{"rendered":"http:\/\/plazajuarez.mx\/index\/index.php\/2016\/07\/10\/emily-ratajkowski-padecio-por-su-pubertad-precoz\/"},"modified":"2016-07-10T15:06:48","modified_gmt":"2016-07-10T15:06:48","slug":"emily-ratajkowski-padecio-por-su-pubertad-precoz","status":"publish","type":"post","link":"https:\/\/plazajuarez.mx\/historico\/emily-ratajkowski-padecio-por-su-pubertad-precoz\/","title":{"rendered":"Emily Ratajkowski padeci\u00f3 por su pubertad precoz"},"content":{"rendered":"<p>CAUSA REVUELO DE NUEVA CUENTA <br \/>\u25cf\u00a0\u00a0\u00a0 Pos\u00f3 sin ropa y dialog\u00f3 sobre la libertad con que expresa su sexualidad<\/p>\n<p>  <!--more-->  <\/p>\n<p>La actriz y modelo Emily Ratajkowski ha causado revuelo de nueva cuenta. Esta vez fue para una sesi\u00f3n al desnudo, s\u00ed, pero tambi\u00e9n por el contenido de la entrevista publicada en Harper\u2019s Bazaar.<br \/>La joven de 25 a\u00f1os pos\u00f3 sin ropa y montando a caballo para la fot\u00f3grafa Mona Kuhn y fue entrevistada por la reconocida feminista Naomi Wolf, con quien dialog\u00f3 sobre la libertad con que expresa su sexualidad y muestra su cuerpo.<br \/>Ah\u00ed revel\u00f3 que entr\u00f3 \u201ca la pubertad antes que todos (los chicos de su edad). Y era m\u00e1s sexual que mis compa\u00f1eros de clase\u201d.<br \/>Ratajkowski declar\u00f3 que fue firmada por una agencia de modelos y comenz\u00f3 su carrera sobre las pasarelas desde muy temprano, a los 14 a\u00f1os, porque entonces \u201cluc\u00eda exactamente igual que luzco ahora. Ellos nos sab\u00edan qu\u00e9 hacer. Luc\u00eda como una mujer\u201d.<br \/>Tambi\u00e9n dijo que su aspecto entonces le dificult\u00f3 su ingreso a la televisi\u00f3n. Recuerda que hizo audiciones para papeles estelares en Disney y para la emisi\u00f3n ICarly, de Nickelodeon, pero en ambas oportunidades fue rechazada \u201cporque hab\u00eda arquetipos de chicas preadolescentes que esos programas requer\u00edan\u201d.<br \/>Cuando Wolf le pregunt\u00f3 sobre c\u00f3mo elige qu\u00e9 publicar en las redes sociales d\u00eda a d\u00eda, la brit\u00e1nica aprovech\u00f3 para hablar sobre Kim Kardashian y defender la manera en la que expresa su sexualidad en internet.<br \/>\u201cEl pensamiento en general cuando Kim se toma una selfi desnuda es que ella solamente busca atenci\u00f3n. Pero ese no es el problema. Una mujer puede buscar atenci\u00f3n, pero tambi\u00e9n hacer un pronunciamiento. Ambas (ideas) no necesitan ser excluyentes una con la otra\u201d, dijo.<\/p>\n<p>RATAJKOWSKI DECLAR\u00d3 QUE FUE FIRMADA POR UNA AGENCIA DE MODELOS Y COMENZ\u00d3 SU CARRERA SOBRE LAS PASARELAS DESDE MUY TEMPRANO, A LOS 14 A\u00d1OS<\/p>\n","protected":false},"excerpt":{"rendered":"<p>CAUSA REVUELO DE NUEVA CUENTA \u25cf\u00a0\u00a0\u00a0 Pos\u00f3 sin ropa y dialog\u00f3 sobre la libertad con que expresa su sexualidad<\/p>\n","protected":false},"author":93,"featured_media":0,"comment_status":"open","ping_status":"open","sticky":false,"template":"","format":"standard","meta":{"footnotes":""},"categories":[38],"tags":[],"class_list":["post-24525","post","type-post","status-publish","format-standard","hentry","category-show"],"_links":{"self":[{"href":"https:\/\/plazajuarez.mx\/historico\/wp-json\/wp\/v2\/posts\/24525","targetHints":{"allow":["GET"]}}],"collection":[{"href":"https:\/\/plazajuarez.mx\/historico\/wp-json\/wp\/v2\/posts"}],"about":[{"href":"https:\/\/plazajuarez.mx\/historico\/wp-json\/wp\/v2\/types\/post"}],"author":[{"embeddable":true,"href":"https:\/\/plazajuarez.mx\/historico\/wp-json\/wp\/v2\/users\/93"}],"replies":[{"embeddable":true,"href":"https:\/\/plazajuarez.mx\/historico\/wp-json\/wp\/v2\/comments?post=24525"}],"version-history":[{"count":0,"href":"https:\/\/plazajuarez.mx\/historico\/wp-json\/wp\/v2\/posts\/24525\/revisions"}],"wp:attachment":[{"href":"https:\/\/plazajuarez.mx\/historico\/wp-json\/wp\/v2\/media?parent=24525"}],"wp:term":[{"taxonomy":"category","embeddable":true,"href":"https:\/\/plazajuarez.mx\/historico\/wp-json\/wp\/v2\/categories?post=24525"},{"taxonomy":"post_tag","embeddable":true,"href":"https:\/\/plazajuarez.mx\/historico\/wp-json\/wp\/v2\/tags?post=24525"}],"curies":[{"name":"wp","href":"https:\/\/api.w.org\/{rel}","templated":true}]}}