{"id":24524,"date":"2016-07-10T15:06:33","date_gmt":"2016-07-10T15:06:33","guid":{"rendered":"http:\/\/plazajuarez.mx\/index\/index.php\/2016\/07\/10\/grettell-valdez-se-da-a-desear\/"},"modified":"2016-07-10T15:06:33","modified_gmt":"2016-07-10T15:06:33","slug":"grettell-valdez-se-da-a-desear","status":"publish","type":"post","link":"https:\/\/plazajuarez.mx\/historico\/grettell-valdez-se-da-a-desear\/","title":{"rendered":"GRETTELL VALDEZ SE DA A DESEAR"},"content":{"rendered":"<p>\u25cf\u00a0\u00a0\u00a0 Su romance con Juan Pablo Gil en \u201cLas Amazonas\u201d, quiz\u00e1 para muchos es lo mejor de este melodrama de Televisa<\/p>\n<p>  <!--more-->  <\/p>\n<p>Uno de los romances que ha crecido y se torna m\u00e1s interesante en \u201cLas Amazonas\u201d, es el de Grettell Valdez y Juan Pablo Gil, quiz\u00e1 para muchos es lo mejor de este melodrama de Televisa.<br \/>La ex del actor Patricio Borghetti no neg\u00f3 ni acept\u00f3 alg\u00fan noviazgo con el joven, pero s\u00ed dej\u00f3 entrever que no descarta caer rendida ante los encantos de su compa\u00f1ero de novela. <br \/>\u201cEs un rey, la verdad es que me cae incre\u00edble, es s\u00faper detallista, me llena de elogios y atenciones. Pues deja que me convenza. Le dije: \u2018Pues a ver, \u00e9chale ganitas, \u00e9chale ganitas, a ver\u2019\u201d, destac\u00f3.<br \/>Hasta el momento, la actriz no acept\u00f3 el romance con Gil, pero afirm\u00f3 que es un gran ser humano, por lo que podr\u00eda darle el \u201cs\u00ed\u201d en cualquier momento. <br \/>La originaria de Quer\u00e9taro destac\u00f3 que jam\u00e1s ocultar\u00eda una relaci\u00f3n amorosa, por lo que si llega a surgir algo con el artista, ella ser\u00e1 la primera en darlo a conocer.<br \/>\u201cYo no tengo ning\u00fan problema con decir si estoy con alguien, pero la verdad es que no estoy ahorita con nadie, cuando tenga novio, seguramente lo sabr\u00e1n, porque no suelo ocultarlo; pero ahorita la verdad es que he estado muy tranquila, muy contenta\u201d, agreg\u00f3.<br \/>LA ORIGINARIA DE QUER\u00c9TARO DESTAC\u00d3 QUE JAM\u00c1S OCULTAR\u00cdA UNA RELACI\u00d3N AMOROSA<\/p>\n","protected":false},"excerpt":{"rendered":"<p>\u25cf\u00a0\u00a0\u00a0 Su romance con Juan Pablo Gil en \u201cLas Amazonas\u201d, quiz\u00e1 para muchos es lo mejor de este melodrama de Televisa<\/p>\n","protected":false},"author":93,"featured_media":0,"comment_status":"open","ping_status":"open","sticky":false,"template":"","format":"standard","meta":{"footnotes":""},"categories":[38],"tags":[],"class_list":["post-24524","post","type-post","status-publish","format-standard","hentry","category-show"],"_links":{"self":[{"href":"https:\/\/plazajuarez.mx\/historico\/wp-json\/wp\/v2\/posts\/24524","targetHints":{"allow":["GET"]}}],"collection":[{"href":"https:\/\/plazajuarez.mx\/historico\/wp-json\/wp\/v2\/posts"}],"about":[{"href":"https:\/\/plazajuarez.mx\/historico\/wp-json\/wp\/v2\/types\/post"}],"author":[{"embeddable":true,"href":"https:\/\/plazajuarez.mx\/historico\/wp-json\/wp\/v2\/users\/93"}],"replies":[{"embeddable":true,"href":"https:\/\/plazajuarez.mx\/historico\/wp-json\/wp\/v2\/comments?post=24524"}],"version-history":[{"count":0,"href":"https:\/\/plazajuarez.mx\/historico\/wp-json\/wp\/v2\/posts\/24524\/revisions"}],"wp:attachment":[{"href":"https:\/\/plazajuarez.mx\/historico\/wp-json\/wp\/v2\/media?parent=24524"}],"wp:term":[{"taxonomy":"category","embeddable":true,"href":"https:\/\/plazajuarez.mx\/historico\/wp-json\/wp\/v2\/categories?post=24524"},{"taxonomy":"post_tag","embeddable":true,"href":"https:\/\/plazajuarez.mx\/historico\/wp-json\/wp\/v2\/tags?post=24524"}],"curies":[{"name":"wp","href":"https:\/\/api.w.org\/{rel}","templated":true}]}}