{"id":245034,"date":"2023-01-06T00:44:00","date_gmt":"2023-01-06T06:44:00","guid":{"rendered":"https:\/\/plazajuarez.mx\/?p=245034"},"modified":"2023-01-06T00:10:09","modified_gmt":"2023-01-06T06:10:09","slug":"el-tuzobus-con-botiquin-de-primeros-auxilios","status":"publish","type":"post","link":"https:\/\/plazajuarez.mx\/historico\/el-tuzobus-con-botiquin-de-primeros-auxilios\/","title":{"rendered":"El Tuzob\u00fas, con botiqu\u00edn de primeros auxilios"},"content":{"rendered":"\n<p class=\"wp-block-paragraph\">Refrendando el compromiso del gobernador Julio Menchaca Salazar, para que el servicio del Sistema Tuzob\u00fas tenga la capacidad de atender una emergencia de las personas usuarias, la Secretar\u00eda de Movilidad y Transporte (Semot) informa que, ya est\u00e1n cubiertas las 34 estaciones con botiqu\u00edn de primeros auxilios.<\/p>\n\n\n\n<p class=\"wp-block-paragraph\">En continuidad al trabajo coordinado entre secretar\u00edas, a trav\u00e9s de la gesti\u00f3n de la titular de la Semot, Lyzbeth Robles Guti\u00e9rrez, con su hom\u00f3loga de la Secretar\u00eda de Salud, Mar\u00eda Zorayda Robles Barrera, se dotaron de 56 botiquines de primeros auxilios, al Sistema Integrado de Transporte Masivo de Hidalgo (SITMAH), mismos que fueron distribuidos en las estaciones de la Ruta Troncal del Tuzob\u00fas.<\/p>\n\n\n\n<p class=\"wp-block-paragraph\">\u201cEl compromiso es mejorar la atenci\u00f3n oportuna ante lesiones, accidentes o emergencias en el Sistema Tuzob\u00fas, por esta raz\u00f3n se puso en marcha la segunda entrega de dotaci\u00f3n de botiquines\u201d asegur\u00f3 la titular de la Semot.<\/p>\n\n\n\n<p class=\"wp-block-paragraph\">En una primera entrega fueron distribuidos 25 botiquines en las estaciones de mayor afluencia de personas usuarias, en la segunda donaci\u00f3n fueron 31, cubriendo todo el Sistema Tuzob\u00fas.<\/p>\n\n\n\n<p class=\"wp-block-paragraph\">El objetivo es que el Servicio de Transporte Tuzob\u00fas, cumpla con los insumos necesarios para brindar una atenci\u00f3n eficiente de primera necesidad de salud.<\/p>\n","protected":false},"excerpt":{"rendered":"<p>Refrendando el compromiso del gobernador Julio Menchaca Salazar, para que el servicio del Sistema Tuzob\u00fas tenga la capacidad de atender una emergencia de las personas usuarias, la Secretar\u00eda de Movilidad y Transporte (Semot) informa que, ya est\u00e1n cubiertas las 34 estaciones con botiqu\u00edn de primeros auxilios. En continuidad al trabajo coordinado entre secretar\u00edas, a trav\u00e9s [&hellip;]<\/p>\n","protected":false},"author":93,"featured_media":245042,"comment_status":"closed","ping_status":"closed","sticky":false,"template":"","format":"standard","meta":{"footnotes":""},"categories":[15,59],"tags":[],"class_list":["post-245034","post","type-post","status-publish","format-standard","has-post-thumbnail","hentry","category-destacadas","category-general"],"_links":{"self":[{"href":"https:\/\/plazajuarez.mx\/historico\/wp-json\/wp\/v2\/posts\/245034","targetHints":{"allow":["GET"]}}],"collection":[{"href":"https:\/\/plazajuarez.mx\/historico\/wp-json\/wp\/v2\/posts"}],"about":[{"href":"https:\/\/plazajuarez.mx\/historico\/wp-json\/wp\/v2\/types\/post"}],"author":[{"embeddable":true,"href":"https:\/\/plazajuarez.mx\/historico\/wp-json\/wp\/v2\/users\/93"}],"replies":[{"embeddable":true,"href":"https:\/\/plazajuarez.mx\/historico\/wp-json\/wp\/v2\/comments?post=245034"}],"version-history":[{"count":0,"href":"https:\/\/plazajuarez.mx\/historico\/wp-json\/wp\/v2\/posts\/245034\/revisions"}],"wp:featuredmedia":[{"embeddable":true,"href":"https:\/\/plazajuarez.mx\/historico\/wp-json\/wp\/v2\/media\/245042"}],"wp:attachment":[{"href":"https:\/\/plazajuarez.mx\/historico\/wp-json\/wp\/v2\/media?parent=245034"}],"wp:term":[{"taxonomy":"category","embeddable":true,"href":"https:\/\/plazajuarez.mx\/historico\/wp-json\/wp\/v2\/categories?post=245034"},{"taxonomy":"post_tag","embeddable":true,"href":"https:\/\/plazajuarez.mx\/historico\/wp-json\/wp\/v2\/tags?post=245034"}],"curies":[{"name":"wp","href":"https:\/\/api.w.org\/{rel}","templated":true}]}}