{"id":244510,"date":"2023-01-03T12:15:06","date_gmt":"2023-01-03T18:15:06","guid":{"rendered":"https:\/\/plazajuarez.mx\/?p=244510"},"modified":"2023-01-03T12:15:29","modified_gmt":"2023-01-03T18:15:29","slug":"el-papa-emerito-benedicto-xvi-es-despedido-por-miles-de-fieles","status":"publish","type":"post","link":"https:\/\/plazajuarez.mx\/historico\/el-papa-emerito-benedicto-xvi-es-despedido-por-miles-de-fieles\/","title":{"rendered":"El papa em\u00e9rito Benedicto XVI, es despedido por miles de fieles"},"content":{"rendered":"\n<p>El papa em\u00e9rito Benedicto XVI, fallecido el pasado 31 de diciembre a los 95 a\u00f1os, fue despedido ayer por miles de fieles que desfilaron por la bas\u00edlica de San Pedro en el primer d\u00eda de su capilla ardiente, que concluir\u00e1 el pr\u00f3ximo d\u00eda cinco con su funeral.<\/p>\n\n\n\n<p>En total, unas 65,000 personas pasaron ante el cuerpo del papa alem\u00e1n, seg\u00fan datos de la oficina de prensa de la Santa Sede, que confirm\u00f3 un n\u00famero de visitantes mucho m\u00e1s alto del inicialmente previsto por la delegaci\u00f3n del Gobierno en Roma, que esperaba 35,000 durante todo el d\u00eda.<\/p>\n\n\n\n<p>A las 14:00 horas (13:00 GMT), cuando solo hab\u00edan pasado cinco horas desde la apertura, m\u00e1s de 40,000 personas ya hab\u00edan acudido a la exposici\u00f3n de los restos.<\/p>\n\n\n\n<p>Ratzinger, que en 2013 fue el primer pont\u00edfice en renunciar en los \u00faltimos seis siglos, yac\u00eda sobre un catafalco de tela dorada a los pies del Altar de la Confesi\u00f3n y del baldaquino de Bernini, sobre el lugar en el que seg\u00fan la tradici\u00f3n fue sepultado San Pedro.<\/p>\n","protected":false},"excerpt":{"rendered":"<p>El papa em\u00e9rito Benedicto XVI, fallecido el pasado 31 de diciembre a los 95 a\u00f1os, fue despedido ayer por miles de fieles que desfilaron por la bas\u00edlica de San Pedro en el primer d\u00eda de su capilla ardiente, que concluir\u00e1 el pr\u00f3ximo d\u00eda cinco con su funeral. En total, unas 65,000 personas pasaron ante el [&hellip;]<\/p>\n","protected":false},"author":80,"featured_media":244527,"comment_status":"closed","ping_status":"closed","sticky":false,"template":"","format":"standard","meta":{"footnotes":""},"categories":[31],"tags":[],"class_list":["post-244510","post","type-post","status-publish","format-standard","has-post-thumbnail","hentry","category-orbe"],"_links":{"self":[{"href":"https:\/\/plazajuarez.mx\/historico\/wp-json\/wp\/v2\/posts\/244510","targetHints":{"allow":["GET"]}}],"collection":[{"href":"https:\/\/plazajuarez.mx\/historico\/wp-json\/wp\/v2\/posts"}],"about":[{"href":"https:\/\/plazajuarez.mx\/historico\/wp-json\/wp\/v2\/types\/post"}],"author":[{"embeddable":true,"href":"https:\/\/plazajuarez.mx\/historico\/wp-json\/wp\/v2\/users\/80"}],"replies":[{"embeddable":true,"href":"https:\/\/plazajuarez.mx\/historico\/wp-json\/wp\/v2\/comments?post=244510"}],"version-history":[{"count":0,"href":"https:\/\/plazajuarez.mx\/historico\/wp-json\/wp\/v2\/posts\/244510\/revisions"}],"wp:featuredmedia":[{"embeddable":true,"href":"https:\/\/plazajuarez.mx\/historico\/wp-json\/wp\/v2\/media\/244527"}],"wp:attachment":[{"href":"https:\/\/plazajuarez.mx\/historico\/wp-json\/wp\/v2\/media?parent=244510"}],"wp:term":[{"taxonomy":"category","embeddable":true,"href":"https:\/\/plazajuarez.mx\/historico\/wp-json\/wp\/v2\/categories?post=244510"},{"taxonomy":"post_tag","embeddable":true,"href":"https:\/\/plazajuarez.mx\/historico\/wp-json\/wp\/v2\/tags?post=244510"}],"curies":[{"name":"wp","href":"https:\/\/api.w.org\/{rel}","templated":true}]}}