{"id":244478,"date":"2023-01-03T08:51:59","date_gmt":"2023-01-03T14:51:59","guid":{"rendered":"https:\/\/plazajuarez.mx\/?p=244478"},"modified":"2023-01-03T08:52:05","modified_gmt":"2023-01-03T14:52:05","slug":"regidor-denuncia-mal-actuar-del-alcalde-de-progreso-de-obregon","status":"publish","type":"post","link":"https:\/\/plazajuarez.mx\/historico\/regidor-denuncia-mal-actuar-del-alcalde-de-progreso-de-obregon\/","title":{"rendered":"Regidor denuncia mal actuar del alcalde de Progreso de Obreg\u00f3n\u00a0"},"content":{"rendered":"\n<p><strong>PROGRESO DE OBREG\u00d3N<\/strong>.- El regidor de Progreso de Obreg\u00f3n, Yuriel Monrroy Mart\u00ednez, denunciar\u00e1 al presidente municipal, Armando Mera, debido al incumplimiento con la normatividad, debido a que durante el 2022, se neg\u00f3 a convocar a sesiones de cabildo.\u00a0<\/p>\n\n\n\n<p>Explic\u00f3, que durante el a\u00f1o pasado, solamente se realizaron cinco sesiones ordinarias cuando por normativa deben llevarse a cabo cinco. Las sesiones de cabildo extraordinarias, \u00fanicamente se hicieron 10 donde se tocaron temas espec\u00edficos.&nbsp;<\/p>\n\n\n\n<p>Ante la negativa del presidente de convocar a sesiones ordinarias, dijo, que se va a iniciar el proceso legal contra el presidente municipal y tambi\u00e9n se va a pedir al Congreso de Hidalgo, para que se realice el exhorto correspondiente.&nbsp;<\/p>\n\n\n\n<p>Existen varios temas, dijo, los cuales no se han atendido dentro de la agenda municipal, adem\u00e1s de las peticiones de los ciudadanos para intervenir a trav\u00e9s de la asamblea para dar salida a los diferentes problemas que existen.&nbsp;<\/p>\n","protected":false},"excerpt":{"rendered":"<p>PROGRESO DE OBREG\u00d3N.- El regidor de Progreso de Obreg\u00f3n, Yuriel Monrroy Mart\u00ednez, denunciar\u00e1 al presidente municipal, Armando Mera, debido al incumplimiento con la normatividad, debido a que durante el 2022, se neg\u00f3 a convocar a sesiones de cabildo.\u00a0 Explic\u00f3, que durante el a\u00f1o pasado, solamente se realizaron cinco sesiones ordinarias cuando por normativa deben llevarse [&hellip;]<\/p>\n","protected":false},"author":75,"featured_media":244479,"comment_status":"closed","ping_status":"closed","sticky":false,"template":"","format":"standard","meta":{"footnotes":""},"categories":[2159,40],"tags":[],"class_list":["post-244478","post","type-post","status-publish","format-standard","has-post-thumbnail","hentry","category-noticias-de-hidalgo","category-region"],"_links":{"self":[{"href":"https:\/\/plazajuarez.mx\/historico\/wp-json\/wp\/v2\/posts\/244478","targetHints":{"allow":["GET"]}}],"collection":[{"href":"https:\/\/plazajuarez.mx\/historico\/wp-json\/wp\/v2\/posts"}],"about":[{"href":"https:\/\/plazajuarez.mx\/historico\/wp-json\/wp\/v2\/types\/post"}],"author":[{"embeddable":true,"href":"https:\/\/plazajuarez.mx\/historico\/wp-json\/wp\/v2\/users\/75"}],"replies":[{"embeddable":true,"href":"https:\/\/plazajuarez.mx\/historico\/wp-json\/wp\/v2\/comments?post=244478"}],"version-history":[{"count":0,"href":"https:\/\/plazajuarez.mx\/historico\/wp-json\/wp\/v2\/posts\/244478\/revisions"}],"wp:featuredmedia":[{"embeddable":true,"href":"https:\/\/plazajuarez.mx\/historico\/wp-json\/wp\/v2\/media\/244479"}],"wp:attachment":[{"href":"https:\/\/plazajuarez.mx\/historico\/wp-json\/wp\/v2\/media?parent=244478"}],"wp:term":[{"taxonomy":"category","embeddable":true,"href":"https:\/\/plazajuarez.mx\/historico\/wp-json\/wp\/v2\/categories?post=244478"},{"taxonomy":"post_tag","embeddable":true,"href":"https:\/\/plazajuarez.mx\/historico\/wp-json\/wp\/v2\/tags?post=244478"}],"curies":[{"name":"wp","href":"https:\/\/api.w.org\/{rel}","templated":true}]}}