{"id":244425,"date":"2023-01-02T18:16:54","date_gmt":"2023-01-03T00:16:54","guid":{"rendered":"https:\/\/plazajuarez.mx\/?p=244425"},"modified":"2023-01-02T18:25:17","modified_gmt":"2023-01-03T00:25:17","slug":"mujer_-2","status":"publish","type":"post","link":"https:\/\/plazajuarez.mx\/historico\/mujer_-2\/","title":{"rendered":"Mujer se quit\u00f3 la vida"},"content":{"rendered":"\n<p>Una mujer de 24 a\u00f1os de edad se quito la vida ,sus familiares fueron quienes marcaron al centro de Comando y Control (C2), para que acudieran los servicios de emergencia, los hechos ocurrieron en la privada circuito Oc\u00e9ano Pac\u00edfico en el fraccionamiento de H\u00e9roes de Tizayuca, donde la encontraron colgada al interior de su domicilio.<\/p>\n\n\n\n<p>Posteriormente, acudieron param\u00e9dicos quienes confirmaron que la mujer ya no contaba con signos vitales.<\/p>\n\n\n\n<p>Las autoridades municipales acordonaron la zona para que peritos y personal del Servicio M\u00e9dico Forense(Semefo) realice el levantamiento del cuerpo para hacer la necropsia de ley.<\/p>\n","protected":false},"excerpt":{"rendered":"<p>Una mujer de 24 a\u00f1os de edad se quito la vida ,sus familiares fueron quienes marcaron al centro de Comando y Control (C2), para que acudieran los servicios de emergencia, los hechos ocurrieron en la privada circuito Oc\u00e9ano Pac\u00edfico en el fraccionamiento de H\u00e9roes de Tizayuca, donde la encontraron colgada al interior de su domicilio. [&hellip;]<\/p>\n","protected":false},"author":78,"featured_media":244426,"comment_status":"closed","ping_status":"closed","sticky":false,"template":"","format":"standard","meta":{"footnotes":""},"categories":[15,2159,40],"tags":[],"class_list":["post-244425","post","type-post","status-publish","format-standard","has-post-thumbnail","hentry","category-destacadas","category-noticias-de-hidalgo","category-region"],"_links":{"self":[{"href":"https:\/\/plazajuarez.mx\/historico\/wp-json\/wp\/v2\/posts\/244425","targetHints":{"allow":["GET"]}}],"collection":[{"href":"https:\/\/plazajuarez.mx\/historico\/wp-json\/wp\/v2\/posts"}],"about":[{"href":"https:\/\/plazajuarez.mx\/historico\/wp-json\/wp\/v2\/types\/post"}],"author":[{"embeddable":true,"href":"https:\/\/plazajuarez.mx\/historico\/wp-json\/wp\/v2\/users\/78"}],"replies":[{"embeddable":true,"href":"https:\/\/plazajuarez.mx\/historico\/wp-json\/wp\/v2\/comments?post=244425"}],"version-history":[{"count":0,"href":"https:\/\/plazajuarez.mx\/historico\/wp-json\/wp\/v2\/posts\/244425\/revisions"}],"wp:featuredmedia":[{"embeddable":true,"href":"https:\/\/plazajuarez.mx\/historico\/wp-json\/wp\/v2\/media\/244426"}],"wp:attachment":[{"href":"https:\/\/plazajuarez.mx\/historico\/wp-json\/wp\/v2\/media?parent=244425"}],"wp:term":[{"taxonomy":"category","embeddable":true,"href":"https:\/\/plazajuarez.mx\/historico\/wp-json\/wp\/v2\/categories?post=244425"},{"taxonomy":"post_tag","embeddable":true,"href":"https:\/\/plazajuarez.mx\/historico\/wp-json\/wp\/v2\/tags?post=244425"}],"curies":[{"name":"wp","href":"https:\/\/api.w.org\/{rel}","templated":true}]}}