{"id":2443,"date":"2015-03-19T06:00:00","date_gmt":"2015-03-19T06:00:00","guid":{"rendered":"http:\/\/plazajuarez.mx\/index\/index.php\/2015\/03\/19\/deportes-internacional-24\/"},"modified":"2015-03-19T06:00:00","modified_gmt":"2015-03-19T06:00:00","slug":"deportes-internacional-24","status":"publish","type":"post","link":"https:\/\/plazajuarez.mx\/historico\/deportes-internacional-24\/","title":{"rendered":"Deportes Internacional"},"content":{"rendered":"<p>TENIS<\/p>\n<p><strong>Federer gana en\u00a0 Indian Wells<\/strong><\/p>\n<p>  <!--more-->  <\/p>\n<p>El tenista suizo Roger Federer consigui\u00f3 ayer su pase a los Octavos de Final del Masters 1000 de Indian Wells, tras derrotar al italiano Andreas Seppi por parciales de 6\u20113 y 6\u20114.<\/p>\n<p>\u00a0<\/p>\n<p>El n\u00famero dos del ranking de la Asociaci\u00f3n de Tenistas Profesionales (ATP) tuvo un triunfo doble con este resultado, ya que adem\u00e1s fue una revancha para \u00e9l, luego de la derrota que sufri\u00f3 a manos del italiano en el pasado Abierto de Australia.<\/p>\n<p>\u00a0<\/p>\n<p>&#8220;Fue una oportunidad para jugar de nuevo contra \u00e9l y en cierta medida borrarla de la memoria&#8221;, coment\u00f3 en declaraciones publicadas por la p\u00e1gina oficial de la ATP, en referencia a la derrota en Australia.<\/p>\n<p>\u00a0<\/p>\n<p>El suizo reconoci\u00f3 que no fue un partido f\u00e1cil para \u00e9l y para su contrincante y dijo \u201ces uno de esos partidos en los que est\u00e1s feliz de haber pasado&#8221; y espera ir mejorando en su juego conforme avancen los d\u00edas.<\/p>\n<p>\u00a0<\/p>\n<p>De esta manera Federer dio un paso m\u00e1s en busca de su quinto t\u00edtulo en Indian Wells, luego de los t\u00edtulos obtenidos en 2004, 2005, 2006 y 2012 y tendr\u00e1 que enfrentarse en su siguiente encuentro al estadunidense Jack Sock.<\/p>\n<p>**<\/p>\n<p>\u00a0<\/p>\n<p>\u00a0<\/p>\n<p><strong>Revelan fecha de calendario ol\u00edmpico<\/strong><\/p>\n<p>\u00a0<\/p>\n<p>El calendario definitivo de las competencias de los Juegos Ol\u00edmpicos que la ciudad brasile\u00f1a de R\u00edo de Janeiro organizar\u00e1 en 2016 ser\u00e1 divulgado el pr\u00f3ximo 31 de marzo, dijeron ayer\u00a0 fuentes de la organizaci\u00f3n.<\/p>\n<p>\u00a0<\/p>\n<p>&#8220;A\u00fan no hab\u00edamos comenzado la venta de entradas porque depend\u00edamos del calendario definitivo&#8221;, pero tras su divulgaci\u00f3n el 31 de marzo &#8220;comenzaremos a ofrecer los boletos oficialmente&#8221;, asegur\u00f3 el Director de Comunicaci\u00f3n del Comit\u00e9 Organizador R\u00edo 2016, Mario Andrada, en una rueda de prensa.<\/p>\n<p>\u00a0<\/p>\n<p>El calendario definitivo incluye las fechas, horarios, escenarios y fases de las competencias s en todas las modalidades ol\u00edmpicas y paral\u00edmpicas.<\/p>\n<p>\u00a0<\/p>\n<p>El portavoz del Comit\u00e9 Organizador asegur\u00f3 que la demora en la conclusi\u00f3n del calendario fue causada por la indefinici\u00f3n en las ciudades que, adem\u00e1s de R\u00edo de Janeiro, albergar\u00e1n los partidos de f\u00fatbol masculino y femenino.<\/p>\n<p>\u00a0<\/p>\n<p>La FIFA tan s\u00f3lo anunci\u00f3 el pasado lunes las seis ciudades brasile\u00f1as en que se disputar\u00e1n los torneos de f\u00fatbol.<\/p>\n<p>\u00a0<\/p>\n<p>\u00a0<\/p>\n<p>Los 58 partidos de ambos torneos, que se disputar\u00e1n del 3 al 20 de agosto de 2016, se jugar\u00e1n en los estadios Maracan\u00e1 y Ol\u00edmpico (R\u00edo de Janeiro), Mineirao (Belo Horizonte), Arena Corinthians (Sao Paulo), Man\u00e9 Garrincha (Brasilia), Fonte Nova (Salvador) y Arena Amazonas (Manaos).<\/p>\n<p>\u00a0<\/p>\n<p>A excepci\u00f3n del Ol\u00edmpico de R\u00edo de Janeiro, construido para los Juegos Panamericanos de 2007 en esta ciudad, todos los estadios confirmados por la FIFA fueron sedes del Mundial de 2014.<\/p>\n<p>\u00a0<\/p>\n<p>&#8220;Con las ciudades sedes de las competencias de f\u00fatbol definidas pudimos concluir el calendario y anunciar el inicio de la venta de entradas para el 31 de marzo. En caso de que la demanda por boletos supere la oferta, los compradores ser\u00e1n definidos en un primer sorteo previsto para junio y en otro en agosto&#8221;, asegur\u00f3.<\/p>\n<p>\u00a0<\/p>\n<p>Andrada dijo igualmente que, con la definici\u00f3n de las ciudades que albergar\u00e1n los partidos de f\u00fatbol, el Comit\u00e9 Organizador podr\u00e1 iniciar las negociaciones para dividir responsabilidades con las alcald\u00edas y los propietarios de los estadios.<\/p>\n<p>**<\/p>\n<p>\u00a0<\/p>\n<p><strong>Hacen fraude rumbo JO de Brasil 2016<\/strong><\/p>\n<p>\u00a0<\/p>\n<p>El Comit\u00e9 Organizador de los Juegos Ol\u00edmpicos (JO)de R\u00edo de Janeiro 2016 detect\u00f3 una oferta fraudulenta de entradas para las competiciones, hecho que investiga internamente y ya fue denunciado ante la polic\u00eda brasile\u00f1a.<\/p>\n<p>\u00a0<\/p>\n<p>&#8220;Varias personas han recibido correos electr\u00f3nicos y llamadas telef\u00f3nicas en las que les ofrecen las entradas m\u00e1s caras y disputadas. Como nosotros no hemos iniciado la venta de entradas, s\u00f3lo puede tratarse de un fraude&#8221;, alert\u00f3 el director de Comunicaci\u00f3n del Comit\u00e9 Organizador R\u00edo 2016, Mario Andrada.<\/p>\n","protected":false},"excerpt":{"rendered":"<p>TENIS Federer gana en\u00a0 Indian Wells<\/p>\n","protected":false},"author":93,"featured_media":0,"comment_status":"open","ping_status":"open","sticky":false,"template":"","format":"standard","meta":{"footnotes":""},"categories":[39],"tags":[],"class_list":["post-2443","post","type-post","status-publish","format-standard","hentry","category-deportiva"],"_links":{"self":[{"href":"https:\/\/plazajuarez.mx\/historico\/wp-json\/wp\/v2\/posts\/2443","targetHints":{"allow":["GET"]}}],"collection":[{"href":"https:\/\/plazajuarez.mx\/historico\/wp-json\/wp\/v2\/posts"}],"about":[{"href":"https:\/\/plazajuarez.mx\/historico\/wp-json\/wp\/v2\/types\/post"}],"author":[{"embeddable":true,"href":"https:\/\/plazajuarez.mx\/historico\/wp-json\/wp\/v2\/users\/93"}],"replies":[{"embeddable":true,"href":"https:\/\/plazajuarez.mx\/historico\/wp-json\/wp\/v2\/comments?post=2443"}],"version-history":[{"count":0,"href":"https:\/\/plazajuarez.mx\/historico\/wp-json\/wp\/v2\/posts\/2443\/revisions"}],"wp:attachment":[{"href":"https:\/\/plazajuarez.mx\/historico\/wp-json\/wp\/v2\/media?parent=2443"}],"wp:term":[{"taxonomy":"category","embeddable":true,"href":"https:\/\/plazajuarez.mx\/historico\/wp-json\/wp\/v2\/categories?post=2443"},{"taxonomy":"post_tag","embeddable":true,"href":"https:\/\/plazajuarez.mx\/historico\/wp-json\/wp\/v2\/tags?post=2443"}],"curies":[{"name":"wp","href":"https:\/\/api.w.org\/{rel}","templated":true}]}}