{"id":2442,"date":"2015-03-19T06:00:00","date_gmt":"2015-03-19T06:00:00","guid":{"rendered":"http:\/\/plazajuarez.mx\/index\/index.php\/2015\/03\/19\/retienen-en-el-cardonal-a-ocho-unidades-de-la-ruta-21\/"},"modified":"2015-03-19T06:00:00","modified_gmt":"2015-03-19T06:00:00","slug":"retienen-en-el-cardonal-a-ocho-unidades-de-la-ruta-21","status":"publish","type":"post","link":"https:\/\/plazajuarez.mx\/historico\/retienen-en-el-cardonal-a-ocho-unidades-de-la-ruta-21\/","title":{"rendered":"Retienen en El Cardonal a  ocho unidades de la ruta 21"},"content":{"rendered":"<p><strong>El Cardonal<\/strong><\/p>\n<ul>\n<li><strong>Son propiedad de la red a Uni\u00f3n Nacional de Transporte Campesino la CNC (Untrac)<\/strong><\/li>\n<li><strong><strong>Ya se presento la denuncia penal, por diversos delitos, ya que este problema es recurrente<\/strong><\/strong> <!--more--> <\/li>\n<\/ul>\n<p>La delegada de la Cabecera Municipal de El Cardonal, Aleida Hern\u00e1ndez Ramos, retuvo ocho unidades de la ruta 21 de la red a Uni\u00f3n Nacional de Transporte Campesino la CNC (Untrac), quienes han iniciado una denuncia penal por diversos delitos ya que este problema se repite nuevamente.<\/p>\n<p>El fondo del conflicto, radica en la negativa de los transportistas a pagar una cuota anual a la delegaci\u00f3n municipal, intenci\u00f3n que existe desde a\u00f1os anteriores, sin embargo ahora, la delegada ha implementado una serie de medidas relacionadas con la ubicaci\u00f3n de paradores urbanos espec\u00edficos, a los cuales debes someterse todos los operadores de transporte p\u00fablico.<\/p>\n<p>Julio C\u00e9sar Ambrosio, l\u00edder de la ruta, dio a conocer que han decidido proceder penalmente, puesto que no aceptar\u00e1n ning\u00fan chantaje por parte de la delegaci\u00f3n y \u00fanicamente estar\u00edan dispuestos a cumplir con las medidas que implemente la Subsecretar\u00eda Estatal del Transporte en Hidalgo.<\/p>\n<p>Explic\u00f3, que el acoso comenz\u00f3 el martes pasado, los vecinos de la Cabecera Municipal, azotaban las puertas de las unidades, buscando que los operadores cayeran en la provocaci\u00f3n, sin embargo mantuvieron la cordura.<\/p>\n<p>Sin embargo, ayer por la ma\u00f1ana, los vecinos comenzaron a retener las unidades de transporte p\u00fablico, ocho en total que hasta el cierre de esta edici\u00f3n continuaban en manos de los pobladores quienes las manten\u00edan enfiladas casi frente al plantel del Colegio de Bachilleres del Estado de Hidalgo (Cobaeh).<\/p>\n<p>En un documento previo, enviado a los concesionarios, la delegada da a conocer diversas medidas relacionadas al transporte p\u00fablico, entre ellos de la disposici\u00f3n\u00a0 de un estacionamiento obligatorio ubicado a un costado del plantel del Cobaeh, donde \u00fanicamente se podr\u00e1 realizar ascenso y descenso.<\/p>\n<p>Se anexa un croquis en el que se establecen los pasos obligados, asimismo explica que el transporte p\u00fablico no podr\u00e1 pasar por el centro de la Cabecera Municipal, espacio reservado \u00fanicamente para autom\u00f3viles privados, asimismo los puntos espec\u00edficos de ascenso y descenso.<\/p>\n<p>Adem\u00e1s, exige que los operadores porten su tarjet\u00f3n, licencias que corroboren su capacitaci\u00f3n para desempe\u00f1ar dichas funciones, no utilizar tel\u00e9fonos m\u00f3viles durante el trayecto ni de radio comunicaci\u00f3n, para resguardo de la seguridad.<\/p>\n<p>Sobre estas medidas, el dirigente sostuvo que la delegada est\u00e1 violentando la ley, que est\u00e1 asumiendo funciones que no le corresponden, s\u00f3lo Transporte puede asumir ese papel y \u00fanicamente ser\u00e1 a la dependencia a quien van a respetar en torno a estas medidas, puesto que todo depende de un estudio t\u00e9cnico.<\/p>\n","protected":false},"excerpt":{"rendered":"<p>El Cardonal Son propiedad de la red a Uni\u00f3n Nacional de Transporte Campesino la CNC (Untrac) Ya se presento la denuncia penal, por diversos delitos, ya que este problema es recurrente<\/p>\n","protected":false},"author":93,"featured_media":0,"comment_status":"open","ping_status":"open","sticky":false,"template":"","format":"standard","meta":{"footnotes":""},"categories":[40],"tags":[],"class_list":["post-2442","post","type-post","status-publish","format-standard","hentry","category-region"],"_links":{"self":[{"href":"https:\/\/plazajuarez.mx\/historico\/wp-json\/wp\/v2\/posts\/2442","targetHints":{"allow":["GET"]}}],"collection":[{"href":"https:\/\/plazajuarez.mx\/historico\/wp-json\/wp\/v2\/posts"}],"about":[{"href":"https:\/\/plazajuarez.mx\/historico\/wp-json\/wp\/v2\/types\/post"}],"author":[{"embeddable":true,"href":"https:\/\/plazajuarez.mx\/historico\/wp-json\/wp\/v2\/users\/93"}],"replies":[{"embeddable":true,"href":"https:\/\/plazajuarez.mx\/historico\/wp-json\/wp\/v2\/comments?post=2442"}],"version-history":[{"count":0,"href":"https:\/\/plazajuarez.mx\/historico\/wp-json\/wp\/v2\/posts\/2442\/revisions"}],"wp:attachment":[{"href":"https:\/\/plazajuarez.mx\/historico\/wp-json\/wp\/v2\/media?parent=2442"}],"wp:term":[{"taxonomy":"category","embeddable":true,"href":"https:\/\/plazajuarez.mx\/historico\/wp-json\/wp\/v2\/categories?post=2442"},{"taxonomy":"post_tag","embeddable":true,"href":"https:\/\/plazajuarez.mx\/historico\/wp-json\/wp\/v2\/tags?post=2442"}],"curies":[{"name":"wp","href":"https:\/\/api.w.org\/{rel}","templated":true}]}}