{"id":2441,"date":"2015-03-19T06:00:00","date_gmt":"2015-03-19T06:00:00","guid":{"rendered":"http:\/\/plazajuarez.mx\/index\/index.php\/2015\/03\/19\/hidalgo-si-suspendera-entrega-de-beneficios\/"},"modified":"2015-03-19T06:00:00","modified_gmt":"2015-03-19T06:00:00","slug":"hidalgo-si-suspendera-entrega-de-beneficios","status":"publish","type":"post","link":"https:\/\/plazajuarez.mx\/historico\/hidalgo-si-suspendera-entrega-de-beneficios\/","title":{"rendered":"Hidalgo s\u00ed suspender\u00e1 entrega de \u201cbeneficios\u201d"},"content":{"rendered":"<p><strong>Valle del Mezquital<\/strong><\/p>\n<ul>\n<li><strong><strong>Medida contraria a la anunciada por la Sedesol a nivel federal<\/strong><\/strong> <!--more--> <\/li>\n<\/ul>\n<p>Contrario a lo anunciado por la delegaci\u00f3n de la Secretar\u00eda de Desarrollo Social (Sedesol), de no suspender los programas federales que aplica\u2026 la dependencia en el estado, la Sedeso s\u00ed aplicar\u00e1 medidas para blindar los beneficios.<\/p>\n<p>Durante su reciente visita, la titular de la Sedeso, Mayka Ortega, dio a conocer que incluso se reservan sanciones para aquellos funcionarios que violen la veda electoral, la cual da inicio a partir de los primeros d\u00edas de abril.<\/p>\n<p>En ese lapso, dijo, no se permitir\u00e1 que ninguna autoridad estatal distribuya beneficios de los programas del gobierno del estado, incluso el referente al alimentario, ser\u00e1 entregado de manera anticipada.<\/p>\n<p>El blindaje dijo, es una medida interna por parte del gobierno de Hidalgo, sin embargo el Instituto Nacional Electoral (INE), tambi\u00e9n estar\u00e1 atento a la forma en que operen las diferentes dependencias, por lo cual todas las acciones a realizarse estar\u00e1n vigiladas.<\/p>\n<p>En una semana aproximadamente, ser\u00e1n entregadas las 198 mil despensas del programa alimentario, la cual se adelantar\u00e1 para no entorpecer al proceso electoral, asimismo para no afectar a las familias beneficiadas.<\/p>\n<p>\u201cEstamos a tiempo en lo que inicia la veda electoral que es por ah\u00ed del tres de abril, todas las entregas van estar siendo el doble\u201d, sostuvo la funcionaria, quien hizo un llamado a los funcionarios de la Sedeso a no caer en acciones que pongan en riesgo las elecciones.<\/p>\n<p>Explic\u00f3 que toda la entrega de recursos ser\u00e1n suspendidos, sin embargo continuar\u00e1n los trabajos t\u00e9cnicos, asimismo la integraci\u00f3n de expedientes, para que una vez superado el proceso electoral de junio, entonces se apliquen los diferentes programas.<\/p>\n<p>\u201cHay sanciones importantes (para funcionarios), hay sanciones para el servidor p\u00fablico, hay inclusivo ceses para el funcionario que realice entrega de recursos durante la veda electoral\u201d, sostuvo la funcionaria estatal.<\/p>\n","protected":false},"excerpt":{"rendered":"<p>Valle del Mezquital Medida contraria a la anunciada por la Sedesol a nivel federal<\/p>\n","protected":false},"author":93,"featured_media":0,"comment_status":"open","ping_status":"open","sticky":false,"template":"","format":"standard","meta":{"footnotes":""},"categories":[40],"tags":[],"class_list":["post-2441","post","type-post","status-publish","format-standard","hentry","category-region"],"_links":{"self":[{"href":"https:\/\/plazajuarez.mx\/historico\/wp-json\/wp\/v2\/posts\/2441","targetHints":{"allow":["GET"]}}],"collection":[{"href":"https:\/\/plazajuarez.mx\/historico\/wp-json\/wp\/v2\/posts"}],"about":[{"href":"https:\/\/plazajuarez.mx\/historico\/wp-json\/wp\/v2\/types\/post"}],"author":[{"embeddable":true,"href":"https:\/\/plazajuarez.mx\/historico\/wp-json\/wp\/v2\/users\/93"}],"replies":[{"embeddable":true,"href":"https:\/\/plazajuarez.mx\/historico\/wp-json\/wp\/v2\/comments?post=2441"}],"version-history":[{"count":0,"href":"https:\/\/plazajuarez.mx\/historico\/wp-json\/wp\/v2\/posts\/2441\/revisions"}],"wp:attachment":[{"href":"https:\/\/plazajuarez.mx\/historico\/wp-json\/wp\/v2\/media?parent=2441"}],"wp:term":[{"taxonomy":"category","embeddable":true,"href":"https:\/\/plazajuarez.mx\/historico\/wp-json\/wp\/v2\/categories?post=2441"},{"taxonomy":"post_tag","embeddable":true,"href":"https:\/\/plazajuarez.mx\/historico\/wp-json\/wp\/v2\/tags?post=2441"}],"curies":[{"name":"wp","href":"https:\/\/api.w.org\/{rel}","templated":true}]}}