{"id":243972,"date":"2022-12-29T17:59:50","date_gmt":"2022-12-29T23:59:50","guid":{"rendered":"https:\/\/plazajuarez.mx\/?p=243972"},"modified":"2022-12-29T18:01:18","modified_gmt":"2022-12-30T00:01:18","slug":"hidalgo_-6","status":"publish","type":"post","link":"https:\/\/plazajuarez.mx\/historico\/hidalgo_-6\/","title":{"rendered":"DIF Hidalgo prioriza atenci\u00f3n a personas con discapacidad"},"content":{"rendered":"\n<ul class=\"wp-block-list\"><li>El organismo atestigu\u00f3 la entrega de remodelaciones y equipamiento a las UBR de Tlahuelilpan y Tezontepec<\/li><\/ul>\n\n\n\n<p>El Sistema DIF Hidalgo, presidido por Edda Vite, concret\u00f3 avances significativos en materia de atenci\u00f3n e inclusi\u00f3n de grupos prioritarios pues se reforzaron dos Unidades B\u00e1sicas de Rehabilitaci\u00f3n (UBR) correspondientes a los municipios de Tlahuelilpan y Tezontepec de Aldama.&nbsp;<\/p>\n\n\n\n<p>La UBR de Tlahuelilpan recibi\u00f3 equipamiento y remodelaci\u00f3n en \u00e1reas tales como: \u00e1rea administrativa, terapia de lenguaje, consultorio m\u00e9dico, estimulaci\u00f3n temprana, mecanoterapia, electroterapia, terapia ocupacional y archivo.<\/p>\n\n\n\n<p>Mientras que el Centro de Servicios de Salud No Hospitalarios de Tezontepec recibi\u00f3 aspectos de mejora en las zonas como electroterapia, estimulaci\u00f3n fr\u00eda y caliente e infraestructuralmente en muros, techo y piso; se realiz\u00f3 la instalaci\u00f3n el\u00e9ctrica e intervinieron rampas, barras paralelas, poleas, pesas, entre otras.<\/p>\n\n\n\n<p>As\u00ed mismo fueron entregadas un total de 130 ayudas funcionales referentes a sillas de ruedas standard, andaderas, bastones y sillas PC, adem\u00e1s de proyectos productivos para incentivar el emprendimiento y autoempleo en personas hidalguenses con discapacidad de al menos 29 municipios.&nbsp;<\/p>\n\n\n\n<p>La finalidad de otorgar estos beneficios es impulsar la independencia de las personas que viven con alguna discapacidad para poder integrarse de forma \u00f3ptima en la din\u00e1mica social y laboral del estado de Hidalgo.<\/p>\n","protected":false},"excerpt":{"rendered":"<p>El organismo atestigu\u00f3 la entrega de remodelaciones y equipamiento a las UBR de Tlahuelilpan y Tezontepec El Sistema DIF Hidalgo, presidido por Edda Vite, concret\u00f3 avances significativos en materia de atenci\u00f3n e inclusi\u00f3n de grupos prioritarios pues se reforzaron dos Unidades B\u00e1sicas de Rehabilitaci\u00f3n (UBR) correspondientes a los municipios de Tlahuelilpan y Tezontepec de Aldama.&nbsp; [&hellip;]<\/p>\n","protected":false},"author":93,"featured_media":243973,"comment_status":"closed","ping_status":"closed","sticky":false,"template":"","format":"standard","meta":{"footnotes":""},"categories":[15,59,2159,40],"tags":[],"class_list":["post-243972","post","type-post","status-publish","format-standard","has-post-thumbnail","hentry","category-destacadas","category-general","category-noticias-de-hidalgo","category-region"],"_links":{"self":[{"href":"https:\/\/plazajuarez.mx\/historico\/wp-json\/wp\/v2\/posts\/243972","targetHints":{"allow":["GET"]}}],"collection":[{"href":"https:\/\/plazajuarez.mx\/historico\/wp-json\/wp\/v2\/posts"}],"about":[{"href":"https:\/\/plazajuarez.mx\/historico\/wp-json\/wp\/v2\/types\/post"}],"author":[{"embeddable":true,"href":"https:\/\/plazajuarez.mx\/historico\/wp-json\/wp\/v2\/users\/93"}],"replies":[{"embeddable":true,"href":"https:\/\/plazajuarez.mx\/historico\/wp-json\/wp\/v2\/comments?post=243972"}],"version-history":[{"count":0,"href":"https:\/\/plazajuarez.mx\/historico\/wp-json\/wp\/v2\/posts\/243972\/revisions"}],"wp:featuredmedia":[{"embeddable":true,"href":"https:\/\/plazajuarez.mx\/historico\/wp-json\/wp\/v2\/media\/243973"}],"wp:attachment":[{"href":"https:\/\/plazajuarez.mx\/historico\/wp-json\/wp\/v2\/media?parent=243972"}],"wp:term":[{"taxonomy":"category","embeddable":true,"href":"https:\/\/plazajuarez.mx\/historico\/wp-json\/wp\/v2\/categories?post=243972"},{"taxonomy":"post_tag","embeddable":true,"href":"https:\/\/plazajuarez.mx\/historico\/wp-json\/wp\/v2\/tags?post=243972"}],"curies":[{"name":"wp","href":"https:\/\/api.w.org\/{rel}","templated":true}]}}