{"id":243968,"date":"2022-12-29T17:53:23","date_gmt":"2022-12-29T23:53:23","guid":{"rendered":"https:\/\/plazajuarez.mx\/?p=243968"},"modified":"2022-12-29T17:53:30","modified_gmt":"2022-12-29T23:53:30","slug":"pele_-3","status":"publish","type":"post","link":"https:\/\/plazajuarez.mx\/historico\/pele_-3\/","title":{"rendered":"LAGUNA DE VOCES"},"content":{"rendered":"\n<h2 class=\"wp-block-heading\"><strong>Mi p\u00f3ster de Pel\u00e9<\/strong><\/h2>\n\n\n\n<p><strong><em>(Este texto lo publiqu\u00e9 el 10 de mayo de 2016. Hoy que muri\u00f3 el Rey Pel\u00e9 cre\u00ed conveniente volverlo a publicar, porque en el recuerdo del mejor futbolista en toda la historia de ese deporte, reencuentro tambi\u00e9n el de mi padre, que un d\u00eda lleg\u00f3 con un p\u00f3ster del Rey, firmado de su pu\u00f1o y letra dedicado para m\u00ed).<\/em><\/strong><\/p>\n\n\n\n<p>Cay\u00f3 el primer aguacero despu\u00e9s que te enterramos pap\u00e1. Ma\u00f1ana har\u00e1 un mes que Adalberto me habl\u00f3 a las 4 y 15 de la madrugada para avisarme que hab\u00edas muerto. Tambi\u00e9n los d\u00edas que llevo con una bota de yeso en la pierna derecha y que, debo confesarte, me ayud\u00f3 a descubrir que un dolor en el cuerpo nos hace ausentes de todo lo que pasa alrededor, igual a lo que dec\u00eda Vicente Le\u00f1ero postrado por un c\u00e1ncer, at\u00f3nito por descubrirse igual que un animal agotado por la herida que nunca habr\u00eda de sanar.<\/p>\n\n\n\n<p>&nbsp;&nbsp;&nbsp;&nbsp;&nbsp;&nbsp;&nbsp;&nbsp;&nbsp;&nbsp;&nbsp; Por supuesto no es mi caso, pero el simple rompimiento de un ligamento de la pierna me hizo inmune a la tristeza a ratos, hasta ayer que llovi\u00f3 luego de calores que seguro te habr\u00e1n fastidiado, empec\u00e9 a recordarte cuando me llevabas a la primaria y me abrazabas y me perd\u00eda en tu chamarra para que me guiaras en el camino, y saber siempre, desde aquellos ocho o nueve a\u00f1os, que eras un faro seguro que alumbrar\u00eda eternamente el camino.<\/p>\n\n\n\n<p>&nbsp;&nbsp;&nbsp;&nbsp;&nbsp;&nbsp;&nbsp;&nbsp;&nbsp;&nbsp;&nbsp; La pasamos mal luego que te quedaste viudo cuando no ten\u00edas ni 40 a\u00f1os, m\u00e1s t\u00fa porque de pronto te hab\u00edas quedado sin el brazo fundamental que ella era en tu vida, en tus sue\u00f1os, en los proyectos que ya ve\u00edas a la vuelta de la esquina luego que empezaste a ganar bien en el aeropuerto, despu\u00e9s de a\u00f1os y a\u00f1os de penurias.<\/p>\n\n\n\n<p>&nbsp;&nbsp;&nbsp;&nbsp;&nbsp;&nbsp;&nbsp;&nbsp;&nbsp;&nbsp;&nbsp; Eras el \u00faltimo de todos tus hermanos, y la conexi\u00f3n m\u00e1s sentida con el pueblo, San Miguel de laguna misteriosa, de calles donde siempre habitaron fantasmas. Mi t\u00edo Ezequiel que era m\u00e1s joven que t\u00fa, se fue antes, y siempre me acordar\u00e9 de su enojo cuando se enteraba de las corruptelas de un ex presidente pel\u00f3n y con orejas de duende, \u201cel consuelo que me queda sobrino, es que todos nos vamos a morir\u201d.<\/p>\n\n\n\n<p>&nbsp;&nbsp;&nbsp;&nbsp;&nbsp;&nbsp;&nbsp;&nbsp;&nbsp;&nbsp;&nbsp; Y se muri\u00f3 sin que te lo pudi\u00e9ramos decir, igual que t\u00eda Fortunata a la que tanto quer\u00edas, igual que el tiempo en que de pronto dejaste de ser el que ven\u00eda a Pachuca a vernos, y cuando pens\u00e1bamos que por fin aceptabas quedarte un fin de semana, brincabas al autob\u00fas y extend\u00edas la mano para decirnos adi\u00f3s.<\/p>\n\n\n\n<p>&nbsp;&nbsp;&nbsp;&nbsp;&nbsp;&nbsp;&nbsp;&nbsp;&nbsp;&nbsp;&nbsp; Las pocas veces que nos adelant\u00e1bamos al pueblo para las fiestas de Navidad, y t\u00fa te quedabas a trabajar, no te ibas hasta que el cami\u00f3n dejaba la avenida Circunvalaci\u00f3n y repet\u00edas ese adem\u00e1n de izar el brazo en todo lo alto y quedarte as\u00ed, hasta que te perd\u00edas en el tr\u00e1fico.<\/p>\n\n\n\n<p>&nbsp;&nbsp;&nbsp;&nbsp;&nbsp;&nbsp;&nbsp;&nbsp;&nbsp;&nbsp;&nbsp; Ha pasado casi un mes desde que te fuiste,&nbsp; y a lo mejor no debiera contar esto que al final de cuentas es un asunto personal, pero lo hago porque seguro disfrutar\u00edas ver que cuento algo de ti. A donde ibas siempre ten\u00edas la costumbre de comprar el peri\u00f3dico. Te gustaba leerlo, enterarte de lo que desde hace mucho, dec\u00edas, \u201chacen estos cabrones pol\u00edticos\u201d.<\/p>\n\n\n\n<p>&nbsp;&nbsp;&nbsp;&nbsp;&nbsp;&nbsp;&nbsp;&nbsp;&nbsp;&nbsp;&nbsp; Me siento orgulloso de ser tu hijo, de haber tenido la oportunidad de vivir tanto tiempo a tu lado, del orgullo que te daba saber de mis logros por muy peque\u00f1os que fueran; de aprender de ti algo que por fin empiezo a entender, y que es tomar la vida con esperanza todos los d\u00edas, cualquiera que pudieran ser la circunstancia.<\/p>\n\n\n\n<p>&nbsp;&nbsp;&nbsp;&nbsp;&nbsp;&nbsp;&nbsp;&nbsp;&nbsp;&nbsp;&nbsp; Seguro hubieras sido un excelente entrevistador, porque nadie como t\u00fa tuvo tanta facilidad para platicar en el aeropuerto con verdaderas leyendas, a las que te acercabas y simplemente te hac\u00edan su confidente.<\/p>\n\n\n\n<p>&nbsp;&nbsp;&nbsp;&nbsp;&nbsp;&nbsp;&nbsp;&nbsp;&nbsp;&nbsp;&nbsp; Una vez llegaste con un regalo para m\u00ed, esa \u00e9poca en que so\u00f1aba ser portero de la selecci\u00f3n.<\/p>\n\n\n\n<p>Era un p\u00f3ster de Pel\u00e9 firmada por el mism\u00edsimo Rey, a quien viste y simplemente te le acercaste para pedirle un retrato a tu hijo.<\/p>\n\n\n\n<p>Hace un mes ma\u00f1ana querido padre, y la lluvia seguro te habr\u00e1 tra\u00eddo recuerdos del pueblo, y por lo tanto de mam\u00e1.<\/p>\n\n\n\n<p>Mil gracias, que el 2023 sea un buen a\u00f1o para todos.<\/p>\n\n\n\n<p>Correo: <a href=\"mailto:peraltajav@gmail.com\">peraltajav@gmail.com<\/a><\/p>\n\n\n\n<p>Twitter: @JavierEPeralta<\/p>\n","protected":false},"excerpt":{"rendered":"<p>Mi p\u00f3ster de Pel\u00e9 (Este texto lo publiqu\u00e9 el 10 de mayo de 2016. Hoy que muri\u00f3 el Rey Pel\u00e9 cre\u00ed conveniente volverlo a publicar, porque en el recuerdo del mejor futbolista en toda la historia de ese deporte, reencuentro tambi\u00e9n el de mi padre, que un d\u00eda lleg\u00f3 con un p\u00f3ster del Rey, firmado [&hellip;]<\/p>\n","protected":false},"author":10,"featured_media":241889,"comment_status":"closed","ping_status":"closed","sticky":false,"template":"","format":"standard","meta":{"footnotes":""},"categories":[49,42],"tags":[],"class_list":["post-243968","post","type-post","status-publish","format-standard","has-post-thumbnail","hentry","category-javier-peralta","category-nuestrapalabra"],"_links":{"self":[{"href":"https:\/\/plazajuarez.mx\/historico\/wp-json\/wp\/v2\/posts\/243968","targetHints":{"allow":["GET"]}}],"collection":[{"href":"https:\/\/plazajuarez.mx\/historico\/wp-json\/wp\/v2\/posts"}],"about":[{"href":"https:\/\/plazajuarez.mx\/historico\/wp-json\/wp\/v2\/types\/post"}],"author":[{"embeddable":true,"href":"https:\/\/plazajuarez.mx\/historico\/wp-json\/wp\/v2\/users\/10"}],"replies":[{"embeddable":true,"href":"https:\/\/plazajuarez.mx\/historico\/wp-json\/wp\/v2\/comments?post=243968"}],"version-history":[{"count":0,"href":"https:\/\/plazajuarez.mx\/historico\/wp-json\/wp\/v2\/posts\/243968\/revisions"}],"wp:featuredmedia":[{"embeddable":true,"href":"https:\/\/plazajuarez.mx\/historico\/wp-json\/wp\/v2\/media\/241889"}],"wp:attachment":[{"href":"https:\/\/plazajuarez.mx\/historico\/wp-json\/wp\/v2\/media?parent=243968"}],"wp:term":[{"taxonomy":"category","embeddable":true,"href":"https:\/\/plazajuarez.mx\/historico\/wp-json\/wp\/v2\/categories?post=243968"},{"taxonomy":"post_tag","embeddable":true,"href":"https:\/\/plazajuarez.mx\/historico\/wp-json\/wp\/v2\/tags?post=243968"}],"curies":[{"name":"wp","href":"https:\/\/api.w.org\/{rel}","templated":true}]}}