{"id":243958,"date":"2022-12-29T17:39:45","date_gmt":"2022-12-29T23:39:45","guid":{"rendered":"https:\/\/plazajuarez.mx\/?p=243958"},"modified":"2022-12-29T21:29:45","modified_gmt":"2022-12-30T03:29:45","slug":"ine_-3","status":"publish","type":"post","link":"https:\/\/plazajuarez.mx\/historico\/ine_-3\/","title":{"rendered":"Se retira Jos\u00e9 Luis Ashane Bulos del INE"},"content":{"rendered":"\n<ul class=\"wp-block-list\"><li>12 a\u00f1os estuvo al frente del \u00f3rgano electoral&nbsp;<\/li><\/ul>\n\n\n\n<p>Tras doce a\u00f1os ininterrumpidos de estar al frente como Vocal Ejecutivo primero del Instituto Federal Electoral (IFE) y luego Instituto Nacional Electoral (INE), Jos\u00e9 Luis Ashane Bulos, anunci\u00f3 su incorporaci\u00f3n al Programa Especial de Retiro y Reconocimiento al Personal de la Rama Administrativa y del Servicio Profesional Electoral Nacional del Instituto Nacional Electoral, para el Ejercicio 2022.<\/p>\n\n\n\n<p>Ashane Bulos, agradeci\u00f3 el acompa\u00f1amiento y compromiso del personal del Instituto que le permiti\u00f3 retirarse con la satisfacci\u00f3n del deber cumplido con una trayectoria de 32 a\u00f1os de trabajo en materia electoral en compa\u00f1\u00eda dijo \u201cde un equipo de profesionales\u201d dentro del Instituto Nacional Electoral, en su Junta Local Ejecutiva y en las siete Juntas Distritales Ejecutivas, lo que permiti\u00f3 un trabajo que calific\u00f3 de \u201cdigno y honesto\u201d.&nbsp;<\/p>\n\n\n\n<p>Cabe destacar que fue Vocal Ejecutivo de la Junta Local Ejecutiva en el Estado de Hidalgo, del 16 de agosto de 2010 al 31 diciembre de 2022, y presenci\u00f3 la transici\u00f3n&nbsp; del IFE al INE a partir de febrero del 2014. Dentro de su trayectoria profesional cuenta con la Licenciatura en Derecho y con una especialidad en Sistema Pol\u00edtico y R\u00e9gimen Pol\u00edtico-Jur\u00eddico en M\u00e9xico por la Universidad Nacional Aut\u00f3noma de M\u00e9xico (UNAM).<\/p>\n\n\n\n<p><strong>Trayectoria laboral<\/strong><\/p>\n\n\n\n<p>Presidente del Comit\u00e9 Distrital Electoral al frente de varios Procesos Electorales (1973-1987); Secretario T\u00e9cnico de la Comisi\u00f3n Estatal Electoral de Hidalgo (1989-1990); Vocal Ejecutivo de la Junta Local Ejecutiva en el Estado de Hidalgo del Instituto Federal Electoral (1991-2005); y Vocal Ejecutivo de la Junta Local Ejecutiva en el Estado de M\u00e9xico del Instituto Federal Electoral (2005 &#8211; 2010).<\/p>\n","protected":false},"excerpt":{"rendered":"<p>12 a\u00f1os estuvo al frente del \u00f3rgano electoral&nbsp; Tras doce a\u00f1os ininterrumpidos de estar al frente como Vocal Ejecutivo primero del Instituto Federal Electoral (IFE) y luego Instituto Nacional Electoral (INE), Jos\u00e9 Luis Ashane Bulos, anunci\u00f3 su incorporaci\u00f3n al Programa Especial de Retiro y Reconocimiento al Personal de la Rama Administrativa y del Servicio Profesional [&hellip;]<\/p>\n","protected":false},"author":72,"featured_media":244011,"comment_status":"closed","ping_status":"closed","sticky":false,"template":"","format":"standard","meta":{"footnotes":""},"categories":[15,59,2159],"tags":[],"class_list":["post-243958","post","type-post","status-publish","format-standard","has-post-thumbnail","hentry","category-destacadas","category-general","category-noticias-de-hidalgo"],"_links":{"self":[{"href":"https:\/\/plazajuarez.mx\/historico\/wp-json\/wp\/v2\/posts\/243958","targetHints":{"allow":["GET"]}}],"collection":[{"href":"https:\/\/plazajuarez.mx\/historico\/wp-json\/wp\/v2\/posts"}],"about":[{"href":"https:\/\/plazajuarez.mx\/historico\/wp-json\/wp\/v2\/types\/post"}],"author":[{"embeddable":true,"href":"https:\/\/plazajuarez.mx\/historico\/wp-json\/wp\/v2\/users\/72"}],"replies":[{"embeddable":true,"href":"https:\/\/plazajuarez.mx\/historico\/wp-json\/wp\/v2\/comments?post=243958"}],"version-history":[{"count":0,"href":"https:\/\/plazajuarez.mx\/historico\/wp-json\/wp\/v2\/posts\/243958\/revisions"}],"wp:featuredmedia":[{"embeddable":true,"href":"https:\/\/plazajuarez.mx\/historico\/wp-json\/wp\/v2\/media\/244011"}],"wp:attachment":[{"href":"https:\/\/plazajuarez.mx\/historico\/wp-json\/wp\/v2\/media?parent=243958"}],"wp:term":[{"taxonomy":"category","embeddable":true,"href":"https:\/\/plazajuarez.mx\/historico\/wp-json\/wp\/v2\/categories?post=243958"},{"taxonomy":"post_tag","embeddable":true,"href":"https:\/\/plazajuarez.mx\/historico\/wp-json\/wp\/v2\/tags?post=243958"}],"curies":[{"name":"wp","href":"https:\/\/api.w.org\/{rel}","templated":true}]}}