{"id":24394,"date":"2016-07-08T12:39:14","date_gmt":"2016-07-08T12:39:14","guid":{"rendered":"http:\/\/plazajuarez.mx\/index\/index.php\/2016\/07\/08\/atlas-del-terrorismo-en-los-ultimos-45-anos\/"},"modified":"2016-07-08T12:39:14","modified_gmt":"2016-07-08T12:39:14","slug":"atlas-del-terrorismo-en-los-ultimos-45-anos","status":"publish","type":"post","link":"https:\/\/plazajuarez.mx\/historico\/atlas-del-terrorismo-en-los-ultimos-45-anos\/","title":{"rendered":"\u2018Atlas\u2019 del terrorismo en los \u00faltimos 45 a\u00f1os"},"content":{"rendered":"<p>\u25cf\u00a0\u00a0\u00a0 Desde 1970 a 2015 se han contabilizado m\u00e1s de 150.000 actos terroristas en todo el mundo<\/p>\n<p>  <!--more-->  <\/p>\n<p>Los cambios y mejoras en la manera de contabilizar los ataques a lo largo de m\u00e1s de cuatro d\u00e9cadas conlleva la dificultad de mantener la cohesi\u00f3n de semejante conjunto. Como explica el personal de START, se pueden apreciar algunas diferencias en los momentos en los que estos cambios se adoptaron: en 1998, 2008 y 2012. Los datos son consultables en el sitio web de la organizaci\u00f3n.<\/p>\n<p>Desde 1970 y hasta diciembre del a\u00f1o pasado se contabilizaron m\u00e1s de 150.000 actos de terrorismo en todo el mundo. De ellos, casi 17.000 causaron al menos cinco v\u00edctimas mortales. <br \/>Son los datos recogidos por una organizaci\u00f3n acad\u00e9mica de EU, el Consorcio para el Estudio del Terrorismo y las Respuestas al Terrorismo (START), vinculado a la Universidad de Maryland. El consorcio analiza uno a uno los casos detectados y los incluye en el listado si, seg\u00fan su criterio, pueden considerarse obra de terroristas.<br \/>En el gr\u00e1fico se muestran los atentados terroristas ocurridos entre 1970 y 2015 que causaron al menos cinco muertos (no se muestran aquellos para los que no se incorporan coordenadas geogr\u00e1ficas, cerca de 800). <br \/>La clasificaci\u00f3n por v\u00edctimas mortales la lidera la suma de los ataques a las Torres Gemelas de septiembre de 2001, con m\u00e1s de 2.700 v\u00edctimas mortales. Le siguen las ejecuciones masivas de soldados en Tikrit (Irak) en 2014, contabilizadas como 1.500, las matanzas de tutsis en Ruanda en 1994 (1.180) y el ataque a una prisi\u00f3n iraqu\u00ed en junio de 2014 (670 v\u00edctimas). <br \/>Para el gr\u00e1fico se opt\u00f3 por agregar aquellos registros en los que se repiten concretamente el d\u00eda, las coordenadas geogr\u00e1ficas, el objetivo y el grupo al que se atribuye el ataque. Por ejemplo, en los ataques del 11-S, la organizaci\u00f3n que gestiona la base de datos opt\u00f3 por dividir el n\u00famero de v\u00edctimas mortales en dos: uno por cada avi\u00f3n estrellado en Nueva York.<\/p>\n","protected":false},"excerpt":{"rendered":"<p>\u25cf\u00a0\u00a0\u00a0 Desde 1970 a 2015 se han contabilizado m\u00e1s de 150.000 actos terroristas en todo el mundo<\/p>\n","protected":false},"author":93,"featured_media":0,"comment_status":"open","ping_status":"open","sticky":false,"template":"","format":"standard","meta":{"footnotes":""},"categories":[31],"tags":[],"class_list":["post-24394","post","type-post","status-publish","format-standard","hentry","category-orbe"],"_links":{"self":[{"href":"https:\/\/plazajuarez.mx\/historico\/wp-json\/wp\/v2\/posts\/24394","targetHints":{"allow":["GET"]}}],"collection":[{"href":"https:\/\/plazajuarez.mx\/historico\/wp-json\/wp\/v2\/posts"}],"about":[{"href":"https:\/\/plazajuarez.mx\/historico\/wp-json\/wp\/v2\/types\/post"}],"author":[{"embeddable":true,"href":"https:\/\/plazajuarez.mx\/historico\/wp-json\/wp\/v2\/users\/93"}],"replies":[{"embeddable":true,"href":"https:\/\/plazajuarez.mx\/historico\/wp-json\/wp\/v2\/comments?post=24394"}],"version-history":[{"count":0,"href":"https:\/\/plazajuarez.mx\/historico\/wp-json\/wp\/v2\/posts\/24394\/revisions"}],"wp:attachment":[{"href":"https:\/\/plazajuarez.mx\/historico\/wp-json\/wp\/v2\/media?parent=24394"}],"wp:term":[{"taxonomy":"category","embeddable":true,"href":"https:\/\/plazajuarez.mx\/historico\/wp-json\/wp\/v2\/categories?post=24394"},{"taxonomy":"post_tag","embeddable":true,"href":"https:\/\/plazajuarez.mx\/historico\/wp-json\/wp\/v2\/tags?post=24394"}],"curies":[{"name":"wp","href":"https:\/\/api.w.org\/{rel}","templated":true}]}}