{"id":24393,"date":"2016-07-08T12:39:07","date_gmt":"2016-07-08T12:39:07","guid":{"rendered":"http:\/\/plazajuarez.mx\/index\/index.php\/2016\/07\/08\/dimite-el-impulsor-de-la-destitucion-de-rousseff\/"},"modified":"2016-07-08T12:39:07","modified_gmt":"2016-07-08T12:39:07","slug":"dimite-el-impulsor-de-la-destitucion-de-rousseff","status":"publish","type":"post","link":"https:\/\/plazajuarez.mx\/historico\/dimite-el-impulsor-de-la-destitucion-de-rousseff\/","title":{"rendered":"Dimite el impulsor de la destituci\u00f3n de Rousseff"},"content":{"rendered":"<p>Crisis pol\u00edtica en Brasil <br \/>\u25cf\u00a0\u00a0\u00a0 &#8220;Solo mi renuncia puede ayudar a estabilizar esta C\u00e1mara&#8221;, dijo el tipejo tras presentar su renuncia<\/p>\n<p>  <!--more-->  <\/p>\n<p>De acusado a acusador: despu\u00e9s de que, en noviembre pasado, los diputados del PT, la formaci\u00f3n de Rousseff, vot\u00f3 contra \u00e9l en la Comisi\u00f3n de \u00c9tica,\u00a0 horas despu\u00e9s, desencaden\u00f3 el impeachment de la presidenta, que la apart\u00f3 provisionalmente del poder en mayo. La misma Rousseff califica al propio Cunha de ser uno de los art\u00edfices de su ca\u00edda. <br \/>El pol\u00e9mico presidente del Parlamento Brasile\u00f1o, el diputado Eduardo Cunha, el pol\u00edtico m\u00e1s impopular de todo Brasil, renunci\u00f3 ayer a su puesto al frente de la C\u00e1mara. Lo hace, seg\u00fan explic\u00f3 en atropellada alocuci\u00f3n le\u00edda, porque resolvi\u00f3 \u201cceder a las presiones\u201d y porque, seg\u00fan \u00e9l, \u201cel Parlamento se encuentra ac\u00e9falo, en una situaci\u00f3n extra\u00f1a, y solo la renuncia puede estabilizarla\u201d.<br \/>Cunha alud\u00eda a que, desde primeros de mayo, \u00e9l se encuentra apartado del cargo por orden de la Fiscal\u00eda brasile\u00f1a, que le acusa de haberse beneficiado de los sobornos de Petrobras. <br \/>Tambi\u00e9n la Comisi\u00f3n de \u00c9tica de la C\u00e1mara le acusa de haber mentido al Congreso al asegurar, hace m\u00e1s de un a\u00f1o, que no ten\u00eda cuentas en el exterior. Revelaciones posteriores demostraron que el diputado, del Partido del Movimiento Democr\u00e1tico de Brasil (PMDB), el mismo que el del presidente en ejercicio, Michel Temer, posee cuentas en Suiza (a nombre suyo y al de su mujer) por valor de 5 millones de d\u00f3lares. <br \/>Para justificarlo, el ahora ex presidente de la C\u00e1mara brasile\u00f1a aseguraba que \u00e9l no era el aut\u00e9ntico due\u00f1o del dinero, sino s\u00f3lo su \u201cusufructuario\u201d, un galimat\u00edas verbal que no convenci\u00f3 a los parlamentarios, que un d\u00eda s\u00ed y otro tambi\u00e9n, se desayunaban con noticias sobre los gastos suntuosos de Cunha y su familia en sus viajes a Europa y a Miami, siempre a cuenta de esos fondos.<br \/>La controvertida figura de este diputado nacido en R\u00edo de Janeiro en 1958 ha sido protagonista crucial de los dos \u00faltimos a\u00f1os de la pol\u00edtica brasile\u00f1a. Cunha, ultrarreligioso, pastor de iglesia evang\u00e9lica y poseedor de centenares de p\u00e1ginas web con el nombre de Jes\u00fas, se ha caracterizado desde que fue nombrado presidente de la C\u00e1mara brasile\u00f1a, a principios del a\u00f1o pasado, por su feroz oposici\u00f3n a Rousseff. <\/p>\n","protected":false},"excerpt":{"rendered":"<p>Crisis pol\u00edtica en Brasil \u25cf\u00a0\u00a0\u00a0 &#8220;Solo mi renuncia puede ayudar a estabilizar esta C\u00e1mara&#8221;, dijo el tipejo tras presentar su renuncia<\/p>\n","protected":false},"author":93,"featured_media":0,"comment_status":"open","ping_status":"open","sticky":false,"template":"","format":"standard","meta":{"footnotes":""},"categories":[31],"tags":[],"class_list":["post-24393","post","type-post","status-publish","format-standard","hentry","category-orbe"],"_links":{"self":[{"href":"https:\/\/plazajuarez.mx\/historico\/wp-json\/wp\/v2\/posts\/24393","targetHints":{"allow":["GET"]}}],"collection":[{"href":"https:\/\/plazajuarez.mx\/historico\/wp-json\/wp\/v2\/posts"}],"about":[{"href":"https:\/\/plazajuarez.mx\/historico\/wp-json\/wp\/v2\/types\/post"}],"author":[{"embeddable":true,"href":"https:\/\/plazajuarez.mx\/historico\/wp-json\/wp\/v2\/users\/93"}],"replies":[{"embeddable":true,"href":"https:\/\/plazajuarez.mx\/historico\/wp-json\/wp\/v2\/comments?post=24393"}],"version-history":[{"count":0,"href":"https:\/\/plazajuarez.mx\/historico\/wp-json\/wp\/v2\/posts\/24393\/revisions"}],"wp:attachment":[{"href":"https:\/\/plazajuarez.mx\/historico\/wp-json\/wp\/v2\/media?parent=24393"}],"wp:term":[{"taxonomy":"category","embeddable":true,"href":"https:\/\/plazajuarez.mx\/historico\/wp-json\/wp\/v2\/categories?post=24393"},{"taxonomy":"post_tag","embeddable":true,"href":"https:\/\/plazajuarez.mx\/historico\/wp-json\/wp\/v2\/tags?post=24393"}],"curies":[{"name":"wp","href":"https:\/\/api.w.org\/{rel}","templated":true}]}}