{"id":24392,"date":"2016-07-08T12:38:49","date_gmt":"2016-07-08T12:38:49","guid":{"rendered":"http:\/\/plazajuarez.mx\/index\/index.php\/2016\/07\/08\/protestas-en-eu-por-otro-negro-muerto-por-policias\/"},"modified":"2016-07-08T12:38:49","modified_gmt":"2016-07-08T12:38:49","slug":"protestas-en-eu-por-otro-negro-muerto-por-policias","status":"publish","type":"post","link":"https:\/\/plazajuarez.mx\/historico\/protestas-en-eu-por-otro-negro-muerto-por-policias\/","title":{"rendered":"Protestas en EU por otro negro muerto por polic\u00edas"},"content":{"rendered":"<p>Llevan el racismo\u2026 en la sangre<br \/>\u25cf\u00a0\u00a0\u00a0 Un video de la muerte de un afroamericano en Minnesota agrava la tensi\u00f3n racial<\/p>\n<p>  <!--more-->  <\/p>\n<p>Estados Unidos ha vivido varios momentos de tensi\u00f3n racial desde hace m\u00e1s de un a\u00f1o, especialmente tras la muerte en Ferguson (Misuri) en agosto de 2014 del joven negro desarmado Michael Brown a manos de un agente blanco, que luego fue exonerado de todos los cargos.<br \/>Philando Castile, un joven negro de Falcon Heights (Minnesota), falleci\u00f3 la noche del mi\u00e9rcoles abatido por los disparos efectuados por un agente de polic\u00eda que lo hab\u00eda detenido porque su veh\u00edculo ten\u00eda un faro trasero roto. <br \/>El suceso, que fue retransmitido en directo en las redes sociales por su novia, que viajaba con \u00e9l, provoc\u00f3 una nueva oleada de indignaci\u00f3n y protestas por la actuaci\u00f3n policial contra las minor\u00edas. Sobre todo porque se trata de la segunda muerte -tambi\u00e9n grabada en v\u00eddeo- de un afroamericano por un polic\u00eda en menos de una semana, despu\u00e9s de que Alton Sterling, un hombre de 37 a\u00f1os que vend\u00eda CDs delante de un supermercado en Baton Rouge, Luisiana, fuera abatido por dos agentes cuando ya hab\u00eda sido reducido.<br \/>El gobernador de Minnesota, Mark Dayton, anunci\u00f3 ayer que llam\u00f3 al jefe de Gabinete de la Casa Blanca, Dennis McDonough, para solicitarle que el Departamento de Justicia abra &#8220;de inmediato&#8221; una &#8220;investigaci\u00f3n federal independiente&#8221; sobre la muerte de Castile, tal como ha hecho tambi\u00e9n en el caso de Sterling. Estos dos \u00faltimos incidentes vuelven a\u00a0 poner de manifiesto la tensa relaci\u00f3n entre las fuerzas de seguridad y las minor\u00edas del pa\u00eds.<br \/>El presidente, Barack Obama, se encuentra &#8220;profundamente afectado&#8221; por estos dos \u00faltimos incidentes, asegur\u00f3 su portavoz, Josh Earnest. &#8220;La divisi\u00f3n entre las fuerzas locales y las comunidades que han jurado servir y proteger no debe ser la nueva normalidad&#8221;, dijo en declaraciones a los medios de comunicaci\u00f3n a bordo del Air Force One.<\/p>\n","protected":false},"excerpt":{"rendered":"<p>Llevan el racismo\u2026 en la sangre\u25cf\u00a0\u00a0\u00a0 Un video de la muerte de un afroamericano en Minnesota agrava la tensi\u00f3n racial<\/p>\n","protected":false},"author":93,"featured_media":0,"comment_status":"open","ping_status":"open","sticky":false,"template":"","format":"standard","meta":{"footnotes":""},"categories":[31],"tags":[],"class_list":["post-24392","post","type-post","status-publish","format-standard","hentry","category-orbe"],"_links":{"self":[{"href":"https:\/\/plazajuarez.mx\/historico\/wp-json\/wp\/v2\/posts\/24392","targetHints":{"allow":["GET"]}}],"collection":[{"href":"https:\/\/plazajuarez.mx\/historico\/wp-json\/wp\/v2\/posts"}],"about":[{"href":"https:\/\/plazajuarez.mx\/historico\/wp-json\/wp\/v2\/types\/post"}],"author":[{"embeddable":true,"href":"https:\/\/plazajuarez.mx\/historico\/wp-json\/wp\/v2\/users\/93"}],"replies":[{"embeddable":true,"href":"https:\/\/plazajuarez.mx\/historico\/wp-json\/wp\/v2\/comments?post=24392"}],"version-history":[{"count":0,"href":"https:\/\/plazajuarez.mx\/historico\/wp-json\/wp\/v2\/posts\/24392\/revisions"}],"wp:attachment":[{"href":"https:\/\/plazajuarez.mx\/historico\/wp-json\/wp\/v2\/media?parent=24392"}],"wp:term":[{"taxonomy":"category","embeddable":true,"href":"https:\/\/plazajuarez.mx\/historico\/wp-json\/wp\/v2\/categories?post=24392"},{"taxonomy":"post_tag","embeddable":true,"href":"https:\/\/plazajuarez.mx\/historico\/wp-json\/wp\/v2\/tags?post=24392"}],"curies":[{"name":"wp","href":"https:\/\/api.w.org\/{rel}","templated":true}]}}