{"id":243918,"date":"2022-12-29T14:10:40","date_gmt":"2022-12-29T20:10:40","guid":{"rendered":"https:\/\/plazajuarez.mx\/?p=243918"},"modified":"2022-12-29T14:10:53","modified_gmt":"2022-12-29T20:10:53","slug":"cdmx_-4","status":"publish","type":"post","link":"https:\/\/plazajuarez.mx\/historico\/cdmx_-4\/","title":{"rendered":"Sheinbaum busca a youtuber que viaj\u00f3 entre vagones de Metro de CDMX"},"content":{"rendered":"\n<p> La Jefa de Gobierno de la Ciudad de M\u00e9xico, Claudia Sheinbaum afirm\u00f3 que ya busc\u00f3 entablar un di\u00e1logo con el youtuber Selerdios tras su insistencia en realizar acciones peligrosas dentro de las instalaciones del Sistema de Transporte Colectivo (STC) Metro.<\/p>\n\n\n\n<p>Esto luego de que se viraliz\u00f3 un video del youtuber junto a otra persona en el que se grab\u00f3 burlando la seguridad del Metro para viajar entre la divisi\u00f3n de cada vag\u00f3n quedando expuesto a caer, acto seguido, baj\u00f3 a las v\u00edas para demostrar el paso de los trenes frente a ellos.<\/p>\n\n\n\n<p>&#8220;Hoy en la ma\u00f1ana ped\u00ed poder comunicarme con \u00e9l (Selerdios) porque en el caso del Metro no s\u00f3lo pone en riesgo su vida sino puede poner en riesgo m\u00e1s vidas&#8221;, dijo Sheinbaum durante la conferencia de prensa en la que present\u00f3 los avances de la L\u00ednea 12.<\/p>\n\n\n\n<p>La Jefa de Gobierno asegur\u00f3 conocer las actividades del youtuber y tambi\u00e9n afirm\u00f3 que hay una denuncia.<\/p>\n\n\n\n<p>&#8220;Si hay una denuncia pero \u00e9ste chico que se sube es un youtuber que se ha subido al WTC, a la Torre Latino, es un muchacho que se dedica a hacer estas cosas peligrosas&#8221;, declar\u00f3.<\/p>\n\n\n\n<p>Aunque lo m\u00e1s importante explic\u00f3 &#8220;m\u00e1s all\u00e1 de la denuncia el tema es que todas las personas que se dedican a estas actividades es que piensen que est\u00e1 bien que ellos tomen un decisi\u00f3n pero no pueden poner en riesgo la vida de los dem\u00e1s&#8221;.<\/p>\n\n\n\n<p>Adem\u00e1s sostuvo que la Fiscal\u00eda General de Justicia de la CDMX ya est\u00e1 tomando cartas en el asunto.<\/p>\n\n\n\n<p>&#8212;Tours para surfear en el Metro<\/p>\n\n\n\n<p>El youtuber tambi\u00e9n ha ofrecido tours para &#8220;surfear&#8221; en el Metro de la CDMX como lo hizo junto a un grupo de amigos, hace algunos meses.<\/p>\n\n\n\n<p>Un video que fue borrado de su cuenta de Youtube muestra el momento en el que brinc\u00f3 desde el puente de la estaci\u00f3n Ciudad Deportiva sobre un convoy para viajar y se coloc\u00f3 pecho tierra para no golpearse con la infraestructura.<\/p>\n\n\n\n<p>&#8212;Selerdios se baj\u00f3 del tren<\/p>\n\n\n\n<p>El d\u00eda de hoy la cuenta del youtuber Selerdios en Youtube e Instagram no est\u00e1n disponibles, pero a\u00fan se puede ver su cuenta de Facebook y Twitter.<\/p>\n\n\n\n<p>\u00bfQu\u00e9 dice el art\u00edculo 230 del Reglamento de la Ley de Movilidad de la Ciudad de M\u00e9xico?<\/p>\n\n\n\n<p>El art\u00edculo 230 proh\u00edbe a los usuarios del servicio p\u00fablico de transporte masivo de pasajeros:<\/p>\n\n\n\n<p>I. Maniobrar los veh\u00edculos en cualquier instalaci\u00f3n del sistema.<\/p>\n\n\n\n<p>II. Accionar los dispositivos instalados, con excepci\u00f3n de los destinados al uso de los pasajeros.<\/p>\n\n\n\n<p>III. Invadir cualquier \u00e1rea que no est\u00e9 destinada al transporte de los usuarios, y en particular, las v\u00edas, carriles confinados, o los t\u00faneles por donde circulen los veh\u00edculos de este tipo de transporte.<\/p>\n\n\n\n<p>IV. Poner obst\u00e1culos al cierre de las puertas o tratar de abrirlas.<\/p>\n\n\n\n<p>V. Fumar, prender cerillos o encendedores dentro de las estaciones.<\/p>\n\n\n\n<p>VI. Rebasar las l\u00edneas de seguridad marcadas en los bordes de los andenes, excepto para ascenso o descenso.<\/p>\n\n\n\n<p>VII. Arrojar objetos a las v\u00edas o al exterior por las puertas y ventanas.<\/p>\n\n\n\n<p>VIII. Sacar partes del cuerpo por las ventanas.<\/p>\n\n\n\n<p>IX. Hacer funcionar dentro de las unidades, carros y\/o vagones, o en las estaciones, aparatos de sonido u otros objetos o dispositivitos sonoros.<\/p>\n\n\n\n<p>X. Transportar materiales inflamables de f\u00e1cil combusti\u00f3n o mal olientes que pongan en peligro la seguridad o comodidad de las personas.<\/p>\n\n\n\n<p>XI. Transportar bolsas grandes o maletas que estorben el movimiento o causen molestias a los dem\u00e1s pasajeros.<br>XII. Transportar animales, excepto animales de asistencia o de servicio (perros gu\u00eda).<br>XIII. Hacer uso de las estaciones o de las unidades, carros y\/o vagones cuando se encuentre en estado de intoxicaci\u00f3n por alcohol o por cualquier otra sustancia t\u00f3xica.<br>XIV. Ejercer el comercio ambulante, en las unidades, carros y\/o vagones, andenes, estaciones, t\u00faneles, corredores, escaleras, zonas de acceso, salidas y zonas de distribuci\u00f3n y zonas de acceso y salida de las estaciones en un pol\u00edgono de 25 metros.<br>XV. Permanecer en las instalaciones, unidades, carros y\/o vagones o estaciones fuera del horario establecido para el servicio de transportaci\u00f3n, o cuando as\u00ed lo indique el personal operativo competente.<br>XVI. Ingresar a las cabinas de conducci\u00f3n de los trenes o a las instalaciones reservadas para uso exclusivo del personal autorizado.<br>XVII. Distribuir publicidad, fijar, adherir carteles o cualquier tipo de propaganda sin el permiso que para tal efecto expida la autoridad competente.<br>XVIII. Da\u00f1ar, grafitear, escribir, pintar, rayar y\/o dibujar, en los cristales, paredes, vagones, corredores y dem\u00e1s instalaciones de Transporte P\u00fablico.<br>XIX. Viajar en zonas exclusivas para usuarios con discapacidad, personas adultas mayores y mujeres, cuando la persona usuaria no se encuentre dentro de esa condici\u00f3n espec\u00edfica, en el Sistema de Transporte Colectivo &#8220;Metro&#8221;, viajar en los vagones exclusivos para mujeres y ni\u00f1os menores de 12 a\u00f1os y\/o ocupar los asientos reservados para personas con discapacidad adultos mayores, mujeres embarazadas o con menor en brazos.<br>XX. Obstaculizar zonas de acceso, salidas, unidades, carros y\/o vagones, andenes, estaciones, t\u00faneles, corredores, escaleras y en general, todos aquellos puntos de circulaci\u00f3n peatonal y del propio medio de transporte.<br>XXI. Transportar objetos que puedan causar da\u00f1o a las instalaciones, carros o trenes del medio de transporte. Las infracciones a las que hace referencia el presente art\u00edculo ser\u00e1n sancionadas conforme a los ordenamientos que resulten aplicables.<\/p>\n","protected":false},"excerpt":{"rendered":"<p>La Jefa de Gobierno de la Ciudad de M\u00e9xico, Claudia Sheinbaum afirm\u00f3 que ya busc\u00f3 entablar un di\u00e1logo con el youtuber Selerdios tras su insistencia en realizar acciones peligrosas dentro de las instalaciones del Sistema de Transporte Colectivo (STC) Metro. Esto luego de que se viraliz\u00f3 un video del youtuber junto a otra persona en [&hellip;]<\/p>\n","protected":false},"author":81,"featured_media":242951,"comment_status":"closed","ping_status":"closed","sticky":false,"template":"","format":"standard","meta":{"footnotes":""},"categories":[15,36,2160],"tags":[],"class_list":["post-243918","post","type-post","status-publish","format-standard","has-post-thumbnail","hentry","category-destacadas","category-nacion","category-noticias-de-la-ciudad-de-mexico"],"_links":{"self":[{"href":"https:\/\/plazajuarez.mx\/historico\/wp-json\/wp\/v2\/posts\/243918","targetHints":{"allow":["GET"]}}],"collection":[{"href":"https:\/\/plazajuarez.mx\/historico\/wp-json\/wp\/v2\/posts"}],"about":[{"href":"https:\/\/plazajuarez.mx\/historico\/wp-json\/wp\/v2\/types\/post"}],"author":[{"embeddable":true,"href":"https:\/\/plazajuarez.mx\/historico\/wp-json\/wp\/v2\/users\/81"}],"replies":[{"embeddable":true,"href":"https:\/\/plazajuarez.mx\/historico\/wp-json\/wp\/v2\/comments?post=243918"}],"version-history":[{"count":0,"href":"https:\/\/plazajuarez.mx\/historico\/wp-json\/wp\/v2\/posts\/243918\/revisions"}],"wp:featuredmedia":[{"embeddable":true,"href":"https:\/\/plazajuarez.mx\/historico\/wp-json\/wp\/v2\/media\/242951"}],"wp:attachment":[{"href":"https:\/\/plazajuarez.mx\/historico\/wp-json\/wp\/v2\/media?parent=243918"}],"wp:term":[{"taxonomy":"category","embeddable":true,"href":"https:\/\/plazajuarez.mx\/historico\/wp-json\/wp\/v2\/categories?post=243918"},{"taxonomy":"post_tag","embeddable":true,"href":"https:\/\/plazajuarez.mx\/historico\/wp-json\/wp\/v2\/tags?post=243918"}],"curies":[{"name":"wp","href":"https:\/\/api.w.org\/{rel}","templated":true}]}}