{"id":243915,"date":"2022-12-29T14:04:48","date_gmt":"2022-12-29T20:04:48","guid":{"rendered":"https:\/\/plazajuarez.mx\/?p=243915"},"modified":"2022-12-29T14:05:05","modified_gmt":"2022-12-29T20:05:05","slug":"diego_luna-4","status":"publish","type":"post","link":"https:\/\/plazajuarez.mx\/historico\/diego_luna-4\/","title":{"rendered":"Diego Luna: De &#8220;El premio mayor&#8221; al universo de &#8220;Star Wars&#8221;"},"content":{"rendered":"\n<p>El cumplea\u00f1os 43 de Diego Luna estar\u00e1 lleno de claroscuros: por un lado celebra su nominaci\u00f3n a los Globos de Oro y el \u00e9xito de su serie &#8220;Andor&#8221; y por otro, se empa\u00f1a por el reciente fallecimiento de su padre, el escen\u00f3grafo, Alejandro Luna.<\/p>\n\n\n\n<p>Diego Dionisio Luna Alexander naci\u00f3 en Toluca, Estado de M\u00e9xico, el 29 de diciembre de 1979. Creci\u00f3 entre actores y bambalinas y a los ocho a\u00f1os se inici\u00f3 dentro de la actuaci\u00f3n.<\/p>\n\n\n\n<p>Pronto llegaron oportunidades de trabajo para la televisi\u00f3n en la telenovela &#8220;El abuelo y yo&#8221; junto a Gael Garc\u00eda Bernal y Ludwika Paleta, y fue en 1995 que gan\u00f3 un papel en la exitosa telenovela &#8220;El premio mayor&#8221;. Muchos a\u00f1os han pasado desde los inicios de su carrera hasta su internacionalizaci\u00f3n con su llegada al mundo de &#8220;Star Wars&#8221;.<\/p>\n\n\n\n<p>A partir de &#8220;Rogue One&#8221; la vida de Diego Luna cambi\u00f3 por completo. Si bien ya hab\u00eda trabajado en producciones estadounidenses como &#8220;Open Range&#8221;, &#8220;Dirty Dancing: Havana Nights&#8221;, &#8220;Mister Lonely&#8221;, &#8220;Milk&#8221;, &#8220;The Bad Batch&#8221; y &#8220;Blood Father&#8221;, fue con su personaje de &#8220;Cassian Andor&#8221; que Luna ha conseguido el reconocimiento internacional.<\/p>\n\n\n\n<p>La cinta &#8220;Rogue One: una historia de Star Wars&#8221; (2016) fue todo un \u00e9xito y eso bast\u00f3 para que los estudios de Disney+ lo contemplaran para realizar una serie en solitario. &#8220;Andor&#8221; se estren\u00f3 en septiembre de este a\u00f1o y contar\u00e1 con dos temporadas, por lo que Diego Luna estar\u00e1 ocupado un par de a\u00f1os m\u00e1s dando vida a este bandido rebelde.<\/p>\n\n\n\n<p>A inicios de diciembre, la Asociaci\u00f3n de la Prensa Extranjera de Hollywood dio a conocer la lista de los nominados a los Globos de Oro 2023 y para sorpresa de muchos, Diego Luna fue nominado como &#8220;Mejor actor en una serie de televisi\u00f3n&#8221; justamente por &#8220;Andor&#8221;.<\/p>\n\n\n\n<p>Esta es la primera ocasi\u00f3n que el mexicano est\u00e1 nominado a estos premios y todo parec\u00eda marchar de maravilla hasta que el 13 de diciembre se inform\u00f3 sobre la muerte de su padre, el escen\u00f3grafo, iluminador y arquitecto, Alejandro Luna.<\/p>\n\n\n\n<p>Tan solo habr\u00e1n pasado 16 d\u00edas de su deceso cuando Diego cumpla 43 a\u00f1os y, aunque sigue muy ocupado con el inicio de las grabaciones de la segunda temporada de &#8220;Andor&#8221;, no dejar\u00e1 de ser un cumplea\u00f1os agridulce.<\/p>\n","protected":false},"excerpt":{"rendered":"<p>El cumplea\u00f1os 43 de Diego Luna estar\u00e1 lleno de claroscuros: por un lado celebra su nominaci\u00f3n a los Globos de Oro y el \u00e9xito de su serie &#8220;Andor&#8221; y por otro, se empa\u00f1a por el reciente fallecimiento de su padre, el escen\u00f3grafo, Alejandro Luna. Diego Dionisio Luna Alexander naci\u00f3 en Toluca, Estado de M\u00e9xico, el [&hellip;]<\/p>\n","protected":false},"author":81,"featured_media":243916,"comment_status":"closed","ping_status":"closed","sticky":false,"template":"","format":"standard","meta":{"footnotes":""},"categories":[38],"tags":[],"class_list":["post-243915","post","type-post","status-publish","format-standard","has-post-thumbnail","hentry","category-show"],"_links":{"self":[{"href":"https:\/\/plazajuarez.mx\/historico\/wp-json\/wp\/v2\/posts\/243915","targetHints":{"allow":["GET"]}}],"collection":[{"href":"https:\/\/plazajuarez.mx\/historico\/wp-json\/wp\/v2\/posts"}],"about":[{"href":"https:\/\/plazajuarez.mx\/historico\/wp-json\/wp\/v2\/types\/post"}],"author":[{"embeddable":true,"href":"https:\/\/plazajuarez.mx\/historico\/wp-json\/wp\/v2\/users\/81"}],"replies":[{"embeddable":true,"href":"https:\/\/plazajuarez.mx\/historico\/wp-json\/wp\/v2\/comments?post=243915"}],"version-history":[{"count":0,"href":"https:\/\/plazajuarez.mx\/historico\/wp-json\/wp\/v2\/posts\/243915\/revisions"}],"wp:featuredmedia":[{"embeddable":true,"href":"https:\/\/plazajuarez.mx\/historico\/wp-json\/wp\/v2\/media\/243916"}],"wp:attachment":[{"href":"https:\/\/plazajuarez.mx\/historico\/wp-json\/wp\/v2\/media?parent=243915"}],"wp:term":[{"taxonomy":"category","embeddable":true,"href":"https:\/\/plazajuarez.mx\/historico\/wp-json\/wp\/v2\/categories?post=243915"},{"taxonomy":"post_tag","embeddable":true,"href":"https:\/\/plazajuarez.mx\/historico\/wp-json\/wp\/v2\/tags?post=243915"}],"curies":[{"name":"wp","href":"https:\/\/api.w.org\/{rel}","templated":true}]}}