{"id":243907,"date":"2022-12-29T13:59:15","date_gmt":"2022-12-29T19:59:15","guid":{"rendered":"https:\/\/plazajuarez.mx\/?p=243907"},"modified":"2022-12-29T13:59:17","modified_gmt":"2022-12-29T19:59:17","slug":"pele_-2","status":"publish","type":"post","link":"https:\/\/plazajuarez.mx\/historico\/pele_-2\/","title":{"rendered":"La gloriosa historia de Pel\u00e9 en las Copas del Mundo"},"content":{"rendered":"\n<p> La figura de Edson Arantes do Nascimento trascendi\u00f3 a trav\u00e9s del tiempo, la historia, y las fronteras. Quiz\u00e1s mucha gente no lo reconoce por su nombre de pila; sin embargo, no habr\u00e1 una sola persona en el mundo que no sepa de qui\u00e9n se habla cuando se habla de Pel\u00e9. Gran parte de su reconocimiento y legado surge a ra\u00edz de sus actuaciones en Copas del Mundo. A continuaci\u00f3n, un repaso hist\u00f3rico por las participaciones del astro brasile\u00f1o en el torneo de naciones m\u00e1s importante del planeta.<\/p>\n\n\n\n<p>La historia comienza con una promesa. Despu\u00e9s de ver romper en llanto a su padre por el Maracanazo sufrido en 1950 en manos de Uruguay, Pel\u00e9 le prometi\u00f3 a Joao Ramos do Nascimento que \u00e9l ser\u00eda campe\u00f3n del mundo con Brasil. A partir de ese momento, se empez\u00f3 a gestar una de las leyendas m\u00e1s grandes del futbol.<\/p>\n\n\n\n<p>SUECIA 1958<\/p>\n\n\n\n<p>Ocho a\u00f1os m\u00e1s tarde y con tan solo 16 de vida, el jugador de Santos de Vila Belmiro disput\u00f3 su primera Copa del Mundo. Como un aviso de lo que ser\u00eda su carrera, Pel\u00e9 brill\u00f3 en Suecia aportando una asistencia en fase de grupos, un gol en cuartos de final contra Gales, un hat trick en la semifinal contra Francia y por \u00faltimo, un doblete en la final que Brasil derrot\u00f3 a Suecia por 5-2 y se proclam\u00f3 campe\u00f3n del mundo por primera vez.<\/p>\n\n\n\n<p>CHILE 1962<\/p>\n\n\n\n<p>En tierra andina, el astro brasile\u00f1o convirti\u00f3 el segundo gol del triunfo carioca por 2-0 sobre M\u00e9xico. Sin embargo, una lesi\u00f3n lo releg\u00f3 del resto de la Copa del Mundo, la cual se convirti\u00f3 en la segunda dentro de las vitrinas de Brasil.<\/p>\n\n\n\n<p>INGLATERRA 1966<\/p>\n\n\n\n<p>A esta altura, Edson Arantes ya era considerado un\u00e1nimemente el mejor jugador del mundo y dos Copas del Mundo lo avalaban. Sin embargo, en el Reino Unido no tuvo una buena experiencia. A pesar de meter un gol en la victoria sobre Bulgaria en el primer partido de la fase de grupos, recibi\u00f3 patadas para que tenga y para que guarde. De hecho, el DT de la canarinha lo deja en el banquillo para el segundo partido con Hungr\u00eda y finalmente, en el partido contra Portugal donde se defini\u00f3 qui\u00e9n avanz\u00f3 a la fase final, Pel\u00e9 tuvo que salir lesionado nuevamente por el exceso de infracciones cometidas hacia \u00e9l. Esta es la primera y \u00fanica vez que Brasil queda fuera en fase de grupos de una Copa del Mundo.<\/p>\n\n\n\n<p>M\u00c9XICO 1970<\/p>\n\n\n\n<p>En suelo azteca el astro brasile\u00f1o tendr\u00eda su \u00faltimo baile con la Copa del Mundo. Y en las canchas mexicanas son\u00f3 la m\u00e1s bella m\u00fasica cada vez que la Selecci\u00f3n del &#8216;jogo bonito&#8217; se hizo presente. En el debut frente a Checoslovaquia convirti\u00f3 un gol y en el cierre de grupos con Rumania un doblete. En la final contra Italia, fue el encargado de abrir el marcador de una disputa por el t\u00edtulo la cual acab\u00f3 con goleada por 4-1 del equipo que hasta hoy es considerado el mejor en la historia.<\/p>\n\n\n\n<p>Pel\u00e9 es el \u00fanico jugador en ganar tres Copas del Mundo, y al mismo tiempo es el m\u00e1s joven en hacerlo.<\/p>\n","protected":false},"excerpt":{"rendered":"<p>La figura de Edson Arantes do Nascimento trascendi\u00f3 a trav\u00e9s del tiempo, la historia, y las fronteras. Quiz\u00e1s mucha gente no lo reconoce por su nombre de pila; sin embargo, no habr\u00e1 una sola persona en el mundo que no sepa de qui\u00e9n se habla cuando se habla de Pel\u00e9. Gran parte de su reconocimiento [&hellip;]<\/p>\n","protected":false},"author":81,"featured_media":243909,"comment_status":"closed","ping_status":"closed","sticky":false,"template":"","format":"standard","meta":{"footnotes":""},"categories":[39],"tags":[],"class_list":["post-243907","post","type-post","status-publish","format-standard","has-post-thumbnail","hentry","category-deportiva"],"_links":{"self":[{"href":"https:\/\/plazajuarez.mx\/historico\/wp-json\/wp\/v2\/posts\/243907","targetHints":{"allow":["GET"]}}],"collection":[{"href":"https:\/\/plazajuarez.mx\/historico\/wp-json\/wp\/v2\/posts"}],"about":[{"href":"https:\/\/plazajuarez.mx\/historico\/wp-json\/wp\/v2\/types\/post"}],"author":[{"embeddable":true,"href":"https:\/\/plazajuarez.mx\/historico\/wp-json\/wp\/v2\/users\/81"}],"replies":[{"embeddable":true,"href":"https:\/\/plazajuarez.mx\/historico\/wp-json\/wp\/v2\/comments?post=243907"}],"version-history":[{"count":0,"href":"https:\/\/plazajuarez.mx\/historico\/wp-json\/wp\/v2\/posts\/243907\/revisions"}],"wp:featuredmedia":[{"embeddable":true,"href":"https:\/\/plazajuarez.mx\/historico\/wp-json\/wp\/v2\/media\/243909"}],"wp:attachment":[{"href":"https:\/\/plazajuarez.mx\/historico\/wp-json\/wp\/v2\/media?parent=243907"}],"wp:term":[{"taxonomy":"category","embeddable":true,"href":"https:\/\/plazajuarez.mx\/historico\/wp-json\/wp\/v2\/categories?post=243907"},{"taxonomy":"post_tag","embeddable":true,"href":"https:\/\/plazajuarez.mx\/historico\/wp-json\/wp\/v2\/tags?post=243907"}],"curies":[{"name":"wp","href":"https:\/\/api.w.org\/{rel}","templated":true}]}}