{"id":243900,"date":"2022-12-29T13:52:41","date_gmt":"2022-12-29T19:52:41","guid":{"rendered":"https:\/\/plazajuarez.mx\/?p=243900"},"modified":"2022-12-29T13:52:48","modified_gmt":"2022-12-29T19:52:48","slug":"metro_-4","status":"publish","type":"post","link":"https:\/\/plazajuarez.mx\/historico\/metro_-4\/","title":{"rendered":"Horarios del Metro de CDMX para el 31 de diciembre y 1 de enero"},"content":{"rendered":"\n<p>El Sistema de Transporte Colectivo (STC) Metro informa que el pr\u00f3ximo s\u00e1bado 31 de diciembre el servicio de trenes iniciar\u00e1 a las 6:00 horas, como es habitual en los s\u00e1bados, y concluir\u00e1 a las 23:00 horas.<\/p>\n\n\n\n<p>Las \u00faltimas corridas de trenes saldr\u00e1n de las estaciones terminales en las l\u00edneas activas de la red a las 22:30 horas.<\/p>\n\n\n\n<p>El STC recomend\u00f3 al p\u00fablico usuario tomar en cuenta estos horarios para programar sus viajes.<\/p>\n\n\n\n<p>El domingo 1 de enero, el horario ser\u00e1 de 7:00 a 24:00 horas, horario establecido para domingos y d\u00edas festivos. En esta fecha se aplicar\u00e1 el programa &#8220;Tu bici viaja en Metro&#8221;.<\/p>\n\n\n\n<p>&#8212;Metrob\u00fas L\u00ednea 7 horarios por el 31 de diciembre<\/p>\n\n\n\n<p>Metrob\u00fas inform\u00f3 que, con motivo del concierto para despedir el a\u00f1o y dar la bienvenida a 2023, que se llevar\u00e1 a cabo en el \u00c1ngel de la Independencia, este sistema de movilidad realizar\u00e1 modificaciones en el servicio de la L\u00ednea 7 los d\u00edas 29, 30 y 31 de diciembre.<\/p>\n\n\n\n<p>Durante el jueves 29 y viernes 30 de diciembre, el servicio operar\u00e1 de las estaciones:<\/p>\n\n\n\n<p>\u2022 Indios Verdes y Hospital Infantil La Villa a Campo Marte, con desv\u00edo por carriles laterales de Reforma en el tramo de La Palma a La Diana.<\/p>\n\n\n\n<p>Metrob\u00fas y festejos de Fin de A\u00f1o en Reforma<\/p>\n\n\n\n<p>\u2022 De 04:30 a 16:00 horas el servicio ser\u00e1 de Indios Verdes y Hospital Infantil La Villa a Campo Marte, con desv\u00edo por carriles laterales de Reforma de La Palma a La Diana.<\/p>\n\n\n\n<p>\u2022 A partir de las 16:00 horas solo se realizar\u00e1n recorridos de Indios Verdes y Hospital Infantil La Villa a Glorieta Col\u00f3n. El servicio concluir\u00e1 a las 21:00 horas.<\/p>\n\n\n\n<p>\u2022 Las estaciones que no dar\u00e1n servicio son Par\u00eds, Reforma, Hamburgo, La Palma, El \u00c1ngel, La Diana, Chapultepec, Gandhi, Antropolog\u00eda, Auditorio y Campo Marte.<\/p>\n\n\n\n<p>La l\u00ednea restablecer\u00e1 su operaci\u00f3n habitual, con horario de domingo, el 1 de enero de 2023.<\/p>\n\n\n\n<p>Metrob\u00fas llam\u00f3 a la poblaci\u00f3n usuaria para anticipar sus trayectos y evitar contratiempos.<\/p>\n","protected":false},"excerpt":{"rendered":"<p>El Sistema de Transporte Colectivo (STC) Metro informa que el pr\u00f3ximo s\u00e1bado 31 de diciembre el servicio de trenes iniciar\u00e1 a las 6:00 horas, como es habitual en los s\u00e1bados, y concluir\u00e1 a las 23:00 horas. Las \u00faltimas corridas de trenes saldr\u00e1n de las estaciones terminales en las l\u00edneas activas de la red a las [&hellip;]<\/p>\n","protected":false},"author":81,"featured_media":243904,"comment_status":"closed","ping_status":"closed","sticky":false,"template":"","format":"standard","meta":{"footnotes":""},"categories":[15,36,2160],"tags":[],"class_list":["post-243900","post","type-post","status-publish","format-standard","has-post-thumbnail","hentry","category-destacadas","category-nacion","category-noticias-de-la-ciudad-de-mexico"],"_links":{"self":[{"href":"https:\/\/plazajuarez.mx\/historico\/wp-json\/wp\/v2\/posts\/243900","targetHints":{"allow":["GET"]}}],"collection":[{"href":"https:\/\/plazajuarez.mx\/historico\/wp-json\/wp\/v2\/posts"}],"about":[{"href":"https:\/\/plazajuarez.mx\/historico\/wp-json\/wp\/v2\/types\/post"}],"author":[{"embeddable":true,"href":"https:\/\/plazajuarez.mx\/historico\/wp-json\/wp\/v2\/users\/81"}],"replies":[{"embeddable":true,"href":"https:\/\/plazajuarez.mx\/historico\/wp-json\/wp\/v2\/comments?post=243900"}],"version-history":[{"count":0,"href":"https:\/\/plazajuarez.mx\/historico\/wp-json\/wp\/v2\/posts\/243900\/revisions"}],"wp:featuredmedia":[{"embeddable":true,"href":"https:\/\/plazajuarez.mx\/historico\/wp-json\/wp\/v2\/media\/243904"}],"wp:attachment":[{"href":"https:\/\/plazajuarez.mx\/historico\/wp-json\/wp\/v2\/media?parent=243900"}],"wp:term":[{"taxonomy":"category","embeddable":true,"href":"https:\/\/plazajuarez.mx\/historico\/wp-json\/wp\/v2\/categories?post=243900"},{"taxonomy":"post_tag","embeddable":true,"href":"https:\/\/plazajuarez.mx\/historico\/wp-json\/wp\/v2\/tags?post=243900"}],"curies":[{"name":"wp","href":"https:\/\/api.w.org\/{rel}","templated":true}]}}