{"id":24390,"date":"2016-07-08T12:37:00","date_gmt":"2016-07-08T12:37:00","guid":{"rendered":"http:\/\/plazajuarez.mx\/index\/index.php\/2016\/07\/08\/motin-de-internos-en-el-penal-de-tizayuca\/"},"modified":"2016-07-08T12:37:00","modified_gmt":"2016-07-08T12:37:00","slug":"motin-de-internos-en-el-penal-de-tizayuca","status":"publish","type":"post","link":"https:\/\/plazajuarez.mx\/historico\/motin-de-internos-en-el-penal-de-tizayuca\/","title":{"rendered":"MOT\u00cdN DE INTERNOS EN EL PENAL DE TIZAYUCA"},"content":{"rendered":"<p>TRAS RI\u00d1A, PRENDIERON FUEGO AL INTERIOR<\/p>\n<p>  <!--more-->  <\/p>\n<p>La tarde de ayer se realiz\u00f3 un operativo para controlar un mot\u00edn de reos de la C\u00e1rcel Distrital de Tizayuca, donde trascendi\u00f3 extraoficialmente que internos protagonizaron una ri\u00f1a y prendieron fuego al interior del reclusorio, por lo que fue necesaria la intervenci\u00f3n de Bomberos que acudieron a sofocar la contingencia, s\u00f3lo que fueron apedreados por los reclusos inconformes.<br \/>Se supo que los responsables de la reyerta, fueron internos que estaban drogados; el hecho no fue confirmado por la autoridad.<br \/>Fue evidente el impresionante despliegue policial que se observ\u00f3 en las inmediaciones del centro de reclusi\u00f3n, donde se tuvo presencia de elementos de la Polic\u00eda Municipal de Tizayuca, as\u00ed como agentes de la Coordinaci\u00f3n de Seguridad Estatal e inclusive se tuvo el apoyo de militares, no obstante a que inicialmente cost\u00f3 trabajo el ingreso de las fuerzas polic\u00edacas al interior de la c\u00e1rcel distrital, por fortuna m\u00e1s tarde se logr\u00f3 controlar el amotinamiento de internos.<br \/>Una de las versiones que corri\u00f3 fue que los reclusos reclamaban por el hacinamiento en que viven, pues se dijo que la c\u00e1rcel es para 60 internos y actualmente hay 300 personas.<\/p>\n","protected":false},"excerpt":{"rendered":"<p>TRAS RI\u00d1A, PRENDIERON FUEGO AL INTERIOR<\/p>\n","protected":false},"author":93,"featured_media":0,"comment_status":"open","ping_status":"open","sticky":false,"template":"","format":"standard","meta":{"footnotes":""},"categories":[37],"tags":[],"class_list":["post-24390","post","type-post","status-publish","format-standard","hentry","category-barandilla"],"_links":{"self":[{"href":"https:\/\/plazajuarez.mx\/historico\/wp-json\/wp\/v2\/posts\/24390","targetHints":{"allow":["GET"]}}],"collection":[{"href":"https:\/\/plazajuarez.mx\/historico\/wp-json\/wp\/v2\/posts"}],"about":[{"href":"https:\/\/plazajuarez.mx\/historico\/wp-json\/wp\/v2\/types\/post"}],"author":[{"embeddable":true,"href":"https:\/\/plazajuarez.mx\/historico\/wp-json\/wp\/v2\/users\/93"}],"replies":[{"embeddable":true,"href":"https:\/\/plazajuarez.mx\/historico\/wp-json\/wp\/v2\/comments?post=24390"}],"version-history":[{"count":0,"href":"https:\/\/plazajuarez.mx\/historico\/wp-json\/wp\/v2\/posts\/24390\/revisions"}],"wp:attachment":[{"href":"https:\/\/plazajuarez.mx\/historico\/wp-json\/wp\/v2\/media?parent=24390"}],"wp:term":[{"taxonomy":"category","embeddable":true,"href":"https:\/\/plazajuarez.mx\/historico\/wp-json\/wp\/v2\/categories?post=24390"},{"taxonomy":"post_tag","embeddable":true,"href":"https:\/\/plazajuarez.mx\/historico\/wp-json\/wp\/v2\/tags?post=24390"}],"curies":[{"name":"wp","href":"https:\/\/api.w.org\/{rel}","templated":true}]}}