{"id":243891,"date":"2022-12-29T13:48:12","date_gmt":"2022-12-29T19:48:12","guid":{"rendered":"https:\/\/plazajuarez.mx\/?p=243891"},"modified":"2022-12-29T13:48:18","modified_gmt":"2022-12-29T19:48:18","slug":"eiza_","status":"publish","type":"post","link":"https:\/\/plazajuarez.mx\/historico\/eiza_\/","title":{"rendered":"Eiza Gonz\u00e1lez le arrebat\u00f3 una ilusi\u00f3n a Natalia T\u00e9llez"},"content":{"rendered":"\n<p> Natalia T\u00e9llez se ha convertido en una de las conductoras m\u00e1s prol\u00edficas de la televisi\u00f3n mexicana, pero el camino que recorri\u00f3 para alcanzar el \u00e9xito no fue sencillo, debido a que as\u00ed como muchas personas, en b\u00fasqueda de su primera aparici\u00f3n en la pantalla chica son rechazadas, ella tambi\u00e9n vivi\u00f3 esa sensaci\u00f3n en carne propia, cuando se debati\u00f3 el protagonismo de una telenovela con Eiza Gonz\u00e1lez.<\/p>\n\n\n\n<p>En una emisi\u00f3n reciente de &#8220;Netas divinas&#8221;, la presentadora de televisi\u00f3n confi\u00f3 a sus compa\u00f1eras del late night show una de sus primeras decepciones dentro del mundo art\u00edstico, ya que fue ella una de las actrices que luch\u00f3 por el papel protag\u00f3nico de &#8220;Lola, \u00e9rase una vez&#8221;, la telenovela de Pedro Dami\u00e1n con la que el productor volvi\u00f3 a las telenovelas, luego del fen\u00f3meno en que se convirti\u00f3 &#8220;Rebelde&#8221;.<\/p>\n\n\n\n<p>Cuando Natalia se enter\u00f3 que Pedro Dami\u00e1n estaba en b\u00fasqueda del nuevo rostro de su pr\u00f3xima telenovela, no dud\u00f3 ni un segundo en apostar por el proyecto, pues hab\u00eda contado con una peque\u00f1a aparici\u00f3n en &#8220;Rebelde&#8221;, en la que interpret\u00f3 a Karen, la novia de Nico (Rodrigo Nehme), que pese a estar enamorado de Lupita (Maite Perroni), su madre y padre lo alientan para comprometerse con el personaje de Natalia, que profesa la religi\u00f3n jud\u00eda, como toda la familia del joven, que se debate entre el amor verdadero o la aceptaci\u00f3n familiar.<\/p>\n\n\n\n<p>Fue as\u00ed que en T\u00e9llez creci\u00f3 la esperanza de obtener el papel de Lola, pues ya hab\u00eda trabajado con el productor previamente, por lo que comenz\u00f3 a trabajar duro para ser la mejor candidata para el papel, por ello vio completa la versi\u00f3n original de la telenovela, producida en argentina en 2004, bajo el t\u00edtulo de &#8220;Floricienta&#8221; y, la cual tuvo mucho \u00e9xito en su pa\u00eds natal.<\/p>\n\n\n\n<p>&#8220;Dijeron en el CEA: &#8216;-Vamos a hacer casting para el pr\u00f3ximo proyecto de Pedro Dami\u00e1n que se llama Lola, \u00e9rase una vez&#8217;, y yo me clav\u00e9 a ver la versi\u00f3n argentina (&#8216;Floricienta&#8217;); estuve meses haciendo casting, al punto de que dec\u00eda &#8216;-Ya me lo qued\u00e9'&#8221;, comparti\u00f3 la actriz de 37 a\u00f1os.<\/p>\n\n\n\n<p>El desempe\u00f1o de Natalia por este personaje fue tal que, en efecto, lleg\u00f3 a la etapa final de selecci\u00f3n de reparto, a lado de otras dos actrices; Sherlyn y Eiza Gonz\u00e1lez. De hecho, fue por la actriz de Hollywood que se enter\u00f3 de que no hab\u00eda obtenido el papel, pues le hab\u00edan contado que escucharon a la hija de Glenda Reyna decir en los pasillos del CEA que ella ser\u00eda Lola.<\/p>\n\n\n\n<p>&#8220;Me enter\u00e9 que lleg\u00f3 Eiza al CEA y dijo &#8216;-Yo soy Floricienta, yo voy a ser Lola\u00b4; mi coraz\u00f3n se destroz\u00f3 en mil millones de pedazos, me sent\u00ed m*#@da&#8221;, confes\u00f3.<\/p>\n\n\n\n<p>Pero ah\u00ed no acab\u00f3 el mal trago de la actriz, sino que era s\u00f3lo el comienzo, ya que le caus\u00f3 mucho dolor ver los carteles de la telenovela pegados por todas las instalaciones de Televisa, ya que al ser el proyecto que sustituir\u00eda a &#8220;Rebelde&#8221;, dentro del trabajo de Pedro Dami\u00e1n, las expectativas eran muy altas.<\/p>\n\n\n\n<p>M\u00e1s tarde, la actriz opt\u00f3 por incursionar en el mundo de la conducci\u00f3n, a trav\u00e9s de un concurso que Telehit llev\u00f3 a cabo para elegir a la nueva conductora de su canal, siendo T\u00e9llez la ganadora entre decenas de aspirantes; de ah\u00ed lleg\u00f3 la conducci\u00f3n del programa que estelariz\u00f3, llamado &#8220;El mundo al rev\u00e9s con Natalia&#8221; en 2009.<\/p>\n","protected":false},"excerpt":{"rendered":"<p>Natalia T\u00e9llez se ha convertido en una de las conductoras m\u00e1s prol\u00edficas de la televisi\u00f3n mexicana, pero el camino que recorri\u00f3 para alcanzar el \u00e9xito no fue sencillo, debido a que as\u00ed como muchas personas, en b\u00fasqueda de su primera aparici\u00f3n en la pantalla chica son rechazadas, ella tambi\u00e9n vivi\u00f3 esa sensaci\u00f3n en carne propia, [&hellip;]<\/p>\n","protected":false},"author":81,"featured_media":243892,"comment_status":"closed","ping_status":"closed","sticky":false,"template":"","format":"standard","meta":{"footnotes":""},"categories":[38],"tags":[],"class_list":["post-243891","post","type-post","status-publish","format-standard","has-post-thumbnail","hentry","category-show"],"_links":{"self":[{"href":"https:\/\/plazajuarez.mx\/historico\/wp-json\/wp\/v2\/posts\/243891","targetHints":{"allow":["GET"]}}],"collection":[{"href":"https:\/\/plazajuarez.mx\/historico\/wp-json\/wp\/v2\/posts"}],"about":[{"href":"https:\/\/plazajuarez.mx\/historico\/wp-json\/wp\/v2\/types\/post"}],"author":[{"embeddable":true,"href":"https:\/\/plazajuarez.mx\/historico\/wp-json\/wp\/v2\/users\/81"}],"replies":[{"embeddable":true,"href":"https:\/\/plazajuarez.mx\/historico\/wp-json\/wp\/v2\/comments?post=243891"}],"version-history":[{"count":0,"href":"https:\/\/plazajuarez.mx\/historico\/wp-json\/wp\/v2\/posts\/243891\/revisions"}],"wp:featuredmedia":[{"embeddable":true,"href":"https:\/\/plazajuarez.mx\/historico\/wp-json\/wp\/v2\/media\/243892"}],"wp:attachment":[{"href":"https:\/\/plazajuarez.mx\/historico\/wp-json\/wp\/v2\/media?parent=243891"}],"wp:term":[{"taxonomy":"category","embeddable":true,"href":"https:\/\/plazajuarez.mx\/historico\/wp-json\/wp\/v2\/categories?post=243891"},{"taxonomy":"post_tag","embeddable":true,"href":"https:\/\/plazajuarez.mx\/historico\/wp-json\/wp\/v2\/tags?post=243891"}],"curies":[{"name":"wp","href":"https:\/\/api.w.org\/{rel}","templated":true}]}}