{"id":24389,"date":"2016-07-08T12:36:39","date_gmt":"2016-07-08T12:36:39","guid":{"rendered":"http:\/\/plazajuarez.mx\/index\/index.php\/2016\/07\/08\/alianza-para-dar-mayor-difusion-a-las-alertas-amber-en-mexico\/"},"modified":"2016-07-08T12:36:39","modified_gmt":"2016-07-08T12:36:39","slug":"alianza-para-dar-mayor-difusion-a-las-alertas-amber-en-mexico","status":"publish","type":"post","link":"https:\/\/plazajuarez.mx\/historico\/alianza-para-dar-mayor-difusion-a-las-alertas-amber-en-mexico\/","title":{"rendered":"ALIANZA PARA DAR MAYOR DIFUSI\u00d3N A LAS ALERTAS AMBER EN M\u00c9XICO"},"content":{"rendered":"<p>ENTRE PGR Y FACEBOOK <\/p>\n<p>  <!--more-->  <\/p>\n<p>Facebook difundir\u00e1 las alertas a personas en posici\u00f3n de identificar y ayudar a encontrar a los menores desaparecidos<br \/>La Procuradur\u00eda General de la Rep\u00fablica, formaliz\u00f3 una alianza con la red social Facebook, para dar mayor difusi\u00f3n a las Alertas AMBER en M\u00e9xico, utilizando su plataforma para ayudar a la localizaci\u00f3n de los menores desaparecidos.<br \/>En el marco del foro: \u201cLas Alertas AMBER en Facebook\u201d, el Subprocurador de Derechos Humanos, Prevenci\u00f3n del Delito y Servicios a la Comunidad, Eber Omar Betanzos Torres, afirm\u00f3 que por tratarse de un tema sensible para la sociedad es imprescindible aprovechar todas las herramientas, que brinda Facebook, para lograr resultados efectivos y una mayor difusi\u00f3n de alertas.<br \/>La alianza, dijo, \u201cpermite llegar no s\u00f3lo a una sociedad que comparte su interacci\u00f3n con dependencias de gobierno federal, sino a la sociedad digital que est\u00e1 conectada con ni\u00f1as, ni\u00f1os y adolescentes que ayudar\u00e1n a que la difusi\u00f3n sea m\u00e1s efectiva.\u201d<br \/>El uso de Facebook para difundir alertas AMBER, permitir\u00e1 pasar a la era digital, con herramientas que representan cambio significativo en la operaci\u00f3n del programa, ayudando a salvar vidas, proporcionar asistencia a v\u00edctimas y a sancionar a los responsables.<\/p>\n","protected":false},"excerpt":{"rendered":"<p>ENTRE PGR Y FACEBOOK<\/p>\n","protected":false},"author":93,"featured_media":0,"comment_status":"open","ping_status":"open","sticky":false,"template":"","format":"standard","meta":{"footnotes":""},"categories":[37],"tags":[],"class_list":["post-24389","post","type-post","status-publish","format-standard","hentry","category-barandilla"],"_links":{"self":[{"href":"https:\/\/plazajuarez.mx\/historico\/wp-json\/wp\/v2\/posts\/24389","targetHints":{"allow":["GET"]}}],"collection":[{"href":"https:\/\/plazajuarez.mx\/historico\/wp-json\/wp\/v2\/posts"}],"about":[{"href":"https:\/\/plazajuarez.mx\/historico\/wp-json\/wp\/v2\/types\/post"}],"author":[{"embeddable":true,"href":"https:\/\/plazajuarez.mx\/historico\/wp-json\/wp\/v2\/users\/93"}],"replies":[{"embeddable":true,"href":"https:\/\/plazajuarez.mx\/historico\/wp-json\/wp\/v2\/comments?post=24389"}],"version-history":[{"count":0,"href":"https:\/\/plazajuarez.mx\/historico\/wp-json\/wp\/v2\/posts\/24389\/revisions"}],"wp:attachment":[{"href":"https:\/\/plazajuarez.mx\/historico\/wp-json\/wp\/v2\/media?parent=24389"}],"wp:term":[{"taxonomy":"category","embeddable":true,"href":"https:\/\/plazajuarez.mx\/historico\/wp-json\/wp\/v2\/categories?post=24389"},{"taxonomy":"post_tag","embeddable":true,"href":"https:\/\/plazajuarez.mx\/historico\/wp-json\/wp\/v2\/tags?post=24389"}],"curies":[{"name":"wp","href":"https:\/\/api.w.org\/{rel}","templated":true}]}}