{"id":243888,"date":"2022-12-29T13:39:28","date_gmt":"2022-12-29T19:39:28","guid":{"rendered":"https:\/\/plazajuarez.mx\/?p=243888"},"modified":"2022-12-29T13:39:33","modified_gmt":"2022-12-29T19:39:33","slug":"alerta_","status":"publish","type":"post","link":"https:\/\/plazajuarez.mx\/historico\/alerta_\/","title":{"rendered":"Alerta s\u00edsmica se recibir\u00e1 en celulares en 2023, anuncia PC"},"content":{"rendered":"\n<p>Laura Vel\u00e1zquez Alz\u00faa, coordinadora nacional de Protecci\u00f3n Civil (PC), revel\u00f3 este jueves que el pr\u00f3ximo a\u00f1o se comenzar\u00e1 con el env\u00edo de mensaje de alerta s\u00edsmica a trav\u00e9s de los tel\u00e9fonos celulares.<\/p>\n\n\n\n<p>En conferencia de prensa matutina del presidente Andr\u00e9s Manuel L\u00f3pez Obrador, detall\u00f3 que se viene trabajando en esto desde 2019 y en donde participan varias dependencias federales y el gobierno de la Ciudad de M\u00e9xico.<\/p>\n\n\n\n<p>&#8220;Con la finalidad de difundir durante el 2023 el alertamiento s\u00edsmico a la poblaci\u00f3n a trav\u00e9s de la telefon\u00eda celular, el gobierno de M\u00e9xico implementa el proyecto a sistema integral de env\u00edo masivo de mensajes.<\/p>\n\n\n\n<p>&#8220;Este programa, esta propuesta se viene trabajando desde el 2019 de manera conjunta con el gobierno de la Ciudad de M\u00e9xico, con la Secretar\u00eda Seguridad Ciudadana y Protecci\u00f3n Ciudadana, y la Coordinaci\u00f3n de Estrategia Digital Nacional de Presidencia&#8221;.<\/p>\n\n\n\n<p>En Palacio Nacional, Vel\u00e1zquez Alz\u00faa asegur\u00f3 que este uno de los proyectos m\u00e1s importantes que se tendr\u00e1n para el pr\u00f3ximo a\u00f1o, adem\u00e1s de que se va a continuar con la homologaci\u00f3n de los sonidos y de los mensajes de alerta s\u00edsmica para la poblaci\u00f3n.<\/p>\n","protected":false},"excerpt":{"rendered":"<p>Laura Vel\u00e1zquez Alz\u00faa, coordinadora nacional de Protecci\u00f3n Civil (PC), revel\u00f3 este jueves que el pr\u00f3ximo a\u00f1o se comenzar\u00e1 con el env\u00edo de mensaje de alerta s\u00edsmica a trav\u00e9s de los tel\u00e9fonos celulares. En conferencia de prensa matutina del presidente Andr\u00e9s Manuel L\u00f3pez Obrador, detall\u00f3 que se viene trabajando en esto desde 2019 y en donde [&hellip;]<\/p>\n","protected":false},"author":81,"featured_media":243889,"comment_status":"closed","ping_status":"closed","sticky":false,"template":"","format":"standard","meta":{"footnotes":""},"categories":[15,36],"tags":[],"class_list":["post-243888","post","type-post","status-publish","format-standard","has-post-thumbnail","hentry","category-destacadas","category-nacion"],"_links":{"self":[{"href":"https:\/\/plazajuarez.mx\/historico\/wp-json\/wp\/v2\/posts\/243888","targetHints":{"allow":["GET"]}}],"collection":[{"href":"https:\/\/plazajuarez.mx\/historico\/wp-json\/wp\/v2\/posts"}],"about":[{"href":"https:\/\/plazajuarez.mx\/historico\/wp-json\/wp\/v2\/types\/post"}],"author":[{"embeddable":true,"href":"https:\/\/plazajuarez.mx\/historico\/wp-json\/wp\/v2\/users\/81"}],"replies":[{"embeddable":true,"href":"https:\/\/plazajuarez.mx\/historico\/wp-json\/wp\/v2\/comments?post=243888"}],"version-history":[{"count":0,"href":"https:\/\/plazajuarez.mx\/historico\/wp-json\/wp\/v2\/posts\/243888\/revisions"}],"wp:featuredmedia":[{"embeddable":true,"href":"https:\/\/plazajuarez.mx\/historico\/wp-json\/wp\/v2\/media\/243889"}],"wp:attachment":[{"href":"https:\/\/plazajuarez.mx\/historico\/wp-json\/wp\/v2\/media?parent=243888"}],"wp:term":[{"taxonomy":"category","embeddable":true,"href":"https:\/\/plazajuarez.mx\/historico\/wp-json\/wp\/v2\/categories?post=243888"},{"taxonomy":"post_tag","embeddable":true,"href":"https:\/\/plazajuarez.mx\/historico\/wp-json\/wp\/v2\/tags?post=243888"}],"curies":[{"name":"wp","href":"https:\/\/api.w.org\/{rel}","templated":true}]}}