{"id":243883,"date":"2022-12-29T13:58:00","date_gmt":"2022-12-29T19:58:00","guid":{"rendered":"https:\/\/plazajuarez.mx\/?p=243883"},"modified":"2022-12-29T14:02:20","modified_gmt":"2022-12-29T20:02:20","slug":"pele_82","status":"publish","type":"post","link":"https:\/\/plazajuarez.mx\/historico\/pele_82\/","title":{"rendered":"Pel\u00e9 muere a los 82 a\u00f1os de edad"},"content":{"rendered":"\n<p> El mundo del futbol se encuentra de luto. Este d\u00eda se anunci\u00f3 la muerte de Edson Arantes Do Nascimiento, Pel\u00e9.<\/p>\n\n\n\n<p>Pel\u00e9 en la \u00faltima semana ingres\u00f3 de nuevo al hospital para cumplir con el tratamiento de quimioteparias debido al c\u00e1ncer en el col\u00f3n que le fue detectado en 2021.<\/p>\n\n\n\n<p>Desde el a\u00f1o pasado Pel\u00e9 acud\u00eda constantemente a los chequeos m\u00e9dicos, mismos que este d\u00eda informaron el deceso de Pel\u00e9.<\/p>\n\n\n\n<p>La leyenda brasile\u00f1a muri\u00f3 a los 82 a\u00f1os de edad luego de ser trasladado a cuidados paliativos en el hospital de Sao Paulo.<\/p>\n\n\n\n<p><strong>VIDA<\/strong><\/p>\n\n\n\n<p>El 23 de octubre de 1940 en la localidad brasile\u00f1a de Tres Corazones, en el estado Minas Gerais, naci\u00f3 Edson Arantes Do Nascimento, qui\u00e9n en el mundo se le conocer\u00eda como Pel\u00e9.<\/p>\n\n\n\n<p>O Rei, el brasile\u00f1o que llev\u00f3 la monarqu\u00eda al mundo de f\u00fatbol, y qui\u00e9n durante muchos a\u00f1os llev\u00f3 la etiqueta de mejor jugador de todos los tiempos.<\/p>\n\n\n\n<p>Comenz\u00f3 a forjar su reinado en la calle, siguiendo los pasos de su padre, un mediano jugador que alguna vez fue profesional. A los 13 a\u00f1os se integr\u00f3 a los juveniles del Club Atl\u00e9tico de Baur\u00fa.<\/p>\n\n\n\n<p>Valdemar de Brito, un futbolista que jug\u00f3 con la selecci\u00f3n nacional brasile\u00f1a en la Copa Mundial de 1934, lo llev\u00f3 al Santos y el resto se hizo historia y leyenda.<\/p>\n\n\n<div class=\"wp-block-image\">\n<figure class=\"aligncenter size-full\"><img loading=\"lazy\" decoding=\"async\" width=\"680\" height=\"383\" src=\"https:\/\/plazajuarez.mx\/historico\/historico\/wp-content\/uploads\/2022\/12\/pele-1.jpeg\" alt=\"\" class=\"wp-image-243884\"\/><\/figure>\n<\/div>\n\n\n<p><strong>SANTOS<\/strong><\/p>\n\n\n\n<p>De 1956 a 1974, Pel\u00e9 hizo del Santos el equipo m\u00e1s famoso del mundo.<\/p>\n\n\n\n<p>Gan\u00f3 diez Campeonatos Paulistas, cinco Torneos R\u00edo-S\u00e3o Paulo, dos veces la Copa Libertadores y otras dos la Copa Intercontinental en los mismos a\u00f1os (1962 y 1963), y, en 1962, el primer Campeonato Mundial de clubes.<\/p>\n\n\n\n<p>Adem\u00e1s llev\u00f3 al equipo por varios pa\u00edses en giras mundiales, y en alguna ocasi\u00f3n paro una guerra civil en \u00c1frica para que toda la naci\u00f3n lo viera jugar.<\/p>\n\n\n\n<p>Y en los Mundiales gan\u00f3 su corona.<\/p>\n\n\n\n<p><strong>COPAS DEL MUNDO<\/strong><\/p>\n\n\n<div class=\"wp-block-image\">\n<figure class=\"aligncenter size-full\"><img loading=\"lazy\" decoding=\"async\" width=\"680\" height=\"380\" src=\"https:\/\/plazajuarez.mx\/historico\/historico\/wp-content\/uploads\/2022\/12\/pele-2.jpeg\" alt=\"\" class=\"wp-image-243909\"\/><\/figure>\n<\/div>\n\n\n<p>Debut\u00f3 a los 17 a\u00f1os en el Mundial de Suecia y anot\u00f3 dos goles en la final, para que Brasil se coronar\u00e1 campe\u00f3n por primera vez en su historia.<\/p>\n\n\n\n<p>En Chile 1962 apenas jug\u00f3, lo cocieron a golpes, a\u00fan as\u00ed Brasil gan\u00f3 otro t\u00edtulo del mundo, de la mano de un tal Garrincha.<\/p>\n\n\n\n<p>En Inglaterra 1966 tampoco lo dejaron jugar\u00e1 mucho. Brasil fracas\u00f3 en esa Copa del Mundo.<\/p>\n\n\n\n<p>En M\u00e9xico 70 vivi\u00f3 su m\u00e1xima consagraci\u00f3n ganando el tercer t\u00edtulo para los sudamericanos encabezando al que dicen ha sido el mejor equipo de todos los tiempos.<\/p>\n\n\n<div class=\"wp-block-image\">\n<figure class=\"aligncenter size-full\"><img loading=\"lazy\" decoding=\"async\" width=\"1920\" height=\"1306\" src=\"https:\/\/plazajuarez.mx\/historico\/historico\/wp-content\/uploads\/2022\/12\/697f60a762266ee5e2a0e69b0f56e30f012633bfw.jpg\" alt=\"\" class=\"wp-image-243912\" srcset=\"https:\/\/plazajuarez.mx\/historico\/wp-content\/uploads\/2022\/12\/697f60a762266ee5e2a0e69b0f56e30f012633bfw.jpg 1920w, https:\/\/plazajuarez.mx\/historico\/wp-content\/uploads\/2022\/12\/697f60a762266ee5e2a0e69b0f56e30f012633bfw-768x522.jpg 768w, https:\/\/plazajuarez.mx\/historico\/wp-content\/uploads\/2022\/12\/697f60a762266ee5e2a0e69b0f56e30f012633bfw-1536x1045.jpg 1536w, https:\/\/plazajuarez.mx\/historico\/wp-content\/uploads\/2022\/12\/697f60a762266ee5e2a0e69b0f56e30f012633bfw-80x54.jpg 80w, https:\/\/plazajuarez.mx\/historico\/wp-content\/uploads\/2022\/12\/697f60a762266ee5e2a0e69b0f56e30f012633bfw-130x87.jpg 130w, https:\/\/plazajuarez.mx\/historico\/wp-content\/uploads\/2022\/12\/697f60a762266ee5e2a0e69b0f56e30f012633bfw-85x57.jpg 85w, https:\/\/plazajuarez.mx\/historico\/wp-content\/uploads\/2022\/12\/697f60a762266ee5e2a0e69b0f56e30f012633bfw-112x75.jpg 112w, https:\/\/plazajuarez.mx\/historico\/wp-content\/uploads\/2022\/12\/697f60a762266ee5e2a0e69b0f56e30f012633bfw-576x392.jpg 576w, https:\/\/plazajuarez.mx\/historico\/wp-content\/uploads\/2022\/12\/697f60a762266ee5e2a0e69b0f56e30f012633bfw-333x227.jpg 333w, https:\/\/plazajuarez.mx\/historico\/wp-content\/uploads\/2022\/12\/697f60a762266ee5e2a0e69b0f56e30f012633bfw-81x55.jpg 81w\" sizes=\"auto, (max-width: 1920px) 100vw, 1920px\" \/><figcaption>La leyenda brasile\u00f1a del f\u00fatbol Pel\u00e9. EFE\/Will Oliver<\/figcaption><\/figure>\n<\/div>\n\n\n<p><strong>ADI\u00d3S<\/strong><\/p>\n\n\n\n<p>En 1974, Pel\u00e9 se va del Santos, para jugar por tres a\u00f1os en el Cosmos de Nueva York en un intento por llevar el futbol a los Estados Unidos. Se retir\u00f3 oficialmente en 1977 anotando un total de 1238 goles.<\/p>\n\n\n\n<p><strong>RETIRO<\/strong><\/p>\n\n\n\n<p>Al colgar sus zapatos de futbol, Pel\u00e9 comenz\u00f3 a manejar de excelente forma su imagen p\u00fablica, siendo imagen por muchos a\u00f1os de distintos negocios.<\/p>\n\n\n\n<p>En 1995 fue nombrado ministro de deportes de Brasil y proclam\u00f3 la llamada Ley Pel\u00e9 que pretend\u00eda que los deportistas tuvieran mayores ganancias en el uso de su imagen y contratos.<\/p>\n\n\n\n<p>En el a\u00f1o 2000, la FIFA lo eligi\u00f3 como el mejor jugador del siglo XX junto a Diego Armando Maradona.<\/p>\n","protected":false},"excerpt":{"rendered":"<p>El mundo del futbol se encuentra de luto. Este d\u00eda se anunci\u00f3 la muerte de Edson Arantes Do Nascimiento, Pel\u00e9. Pel\u00e9 en la \u00faltima semana ingres\u00f3 de nuevo al hospital para cumplir con el tratamiento de quimioteparias debido al c\u00e1ncer en el col\u00f3n que le fue detectado en 2021. Desde el a\u00f1o pasado Pel\u00e9 acud\u00eda [&hellip;]<\/p>\n","protected":false},"author":81,"featured_media":243911,"comment_status":"closed","ping_status":"closed","sticky":false,"template":"","format":"standard","meta":{"footnotes":""},"categories":[39,15],"tags":[],"class_list":["post-243883","post","type-post","status-publish","format-standard","has-post-thumbnail","hentry","category-deportiva","category-destacadas"],"_links":{"self":[{"href":"https:\/\/plazajuarez.mx\/historico\/wp-json\/wp\/v2\/posts\/243883","targetHints":{"allow":["GET"]}}],"collection":[{"href":"https:\/\/plazajuarez.mx\/historico\/wp-json\/wp\/v2\/posts"}],"about":[{"href":"https:\/\/plazajuarez.mx\/historico\/wp-json\/wp\/v2\/types\/post"}],"author":[{"embeddable":true,"href":"https:\/\/plazajuarez.mx\/historico\/wp-json\/wp\/v2\/users\/81"}],"replies":[{"embeddable":true,"href":"https:\/\/plazajuarez.mx\/historico\/wp-json\/wp\/v2\/comments?post=243883"}],"version-history":[{"count":0,"href":"https:\/\/plazajuarez.mx\/historico\/wp-json\/wp\/v2\/posts\/243883\/revisions"}],"wp:featuredmedia":[{"embeddable":true,"href":"https:\/\/plazajuarez.mx\/historico\/wp-json\/wp\/v2\/media\/243911"}],"wp:attachment":[{"href":"https:\/\/plazajuarez.mx\/historico\/wp-json\/wp\/v2\/media?parent=243883"}],"wp:term":[{"taxonomy":"category","embeddable":true,"href":"https:\/\/plazajuarez.mx\/historico\/wp-json\/wp\/v2\/categories?post=243883"},{"taxonomy":"post_tag","embeddable":true,"href":"https:\/\/plazajuarez.mx\/historico\/wp-json\/wp\/v2\/tags?post=243883"}],"curies":[{"name":"wp","href":"https:\/\/api.w.org\/{rel}","templated":true}]}}